{"id":100970,"date":"2017-06-30T10:56:14","date_gmt":"2017-06-30T14:56:14","guid":{"rendered":"http:\/\/dr1.com\/new\/?p=100970"},"modified":"2017-06-30T10:56:14","modified_gmt":"2017-06-30T14:56:14","slug":"casa-de-teatro-celebrates-with-colonial-city-painting-holiday","status":"publish","type":"post","link":"https:\/\/dr1.com\/news\/2017\/06\/30\/casa-de-teatro-celebrates-with-colonial-city-painting-holiday\/","title":{"rendered":"Casa de Teatro celebrates with Colonial City painting holiday"},"content":{"rendered":"<p><img loading=\"lazy\" class=\"alignleft size-medium wp-image-94887\" src=\"http:\/\/dr1.com\/new\/wp-content\/uploads\/2017\/01\/Casa-de-Teatro-296x300.png\" alt=\"\" width=\"296\" height=\"300\" \/>Thirty-three artists will be setting up to paint at different points of the Colonial City and Santo Domingo, Santiago, La Romana and Sos\u00faa (Puerto Plata) on Saturday, 1 July from 10am to 7pm. The painters are commemorating the 43rd anniversary of Casa de Teatro culture house.<\/p>\n<p>The painters will be at: Parque Col\u00f3n, Centro Cultural de Espa\u00f1a, Plaza Guibia, Calle El Conde (several points), Plaza Espa\u00f1a, Casa de Teatro, Parque Duarte, Parque Padre Billini, Fray Bartolom\u00e9 de las Casas, Quinta Dominica, Calle Hostos, Calle las Damas, Parque Independencia, Plaza Mar\u00eda de Toledo, El Conde steps painting what they see.<\/p>\n<p>The works need to be started and finished on the same day. The works will later be shown and sold at Casa de Teatro block in the Colonial City. The artist gets to keep 50% of the sale and 50% will be donated to Rayo de Sol school that works with children with special needs.<\/p>\n<p>30 June 2017<\/p>\n","protected":false},"excerpt":{"rendered":"<p>Thirty-three artists will be setting up to paint at different points of the Colonial City and Santo Domingo, Santiago, La Romana and Sos\u00faa (Puerto Plata) on Saturday, 1 July from 10am to 7pm. The painters are commemorating the 43rd anniversary of Casa de Teatro culture house. The painters will be at: Parque Col\u00f3n, Centro Cultural &hellip; <\/p>\n<p class=\"link-more\"><a href=\"https:\/\/dr1.com\/news\/2017\/06\/30\/casa-de-teatro-celebrates-with-colonial-city-painting-holiday\/\" class=\"more-link\">Read more\u2026<\/a><\/p>\n","protected":false},"author":2,"featured_media":0,"comment_status":"open","ping_status":"closed","sticky":false,"template":"","format":"standard","meta":[],"categories":[6,3],"tags":[],"_links":{"self":[{"href":"https:\/\/dr1.com\/news\/wp-json\/wp\/v2\/posts\/100970"}],"collection":[{"href":"https:\/\/dr1.com\/news\/wp-json\/wp\/v2\/posts"}],"about":[{"href":"https:\/\/dr1.com\/news\/wp-json\/wp\/v2\/types\/post"}],"author":[{"embeddable":true,"href":"https:\/\/dr1.com\/news\/wp-json\/wp\/v2\/users\/2"}],"replies":[{"embeddable":true,"href":"https:\/\/dr1.com\/news\/wp-json\/wp\/v2\/comments?post=100970"}],"version-history":[{"count":0,"href":"https:\/\/dr1.com\/news\/wp-json\/wp\/v2\/posts\/100970\/revisions"}],"wp:attachment":[{"href":"https:\/\/dr1.com\/news\/wp-json\/wp\/v2\/media?parent=100970"}],"wp:term":[{"taxonomy":"category","embeddable":true,"href":"https:\/\/dr1.com\/news\/wp-json\/wp\/v2\/categories?post=100970"},{"taxonomy":"post_tag","embeddable":true,"href":"https:\/\/dr1.com\/news\/wp-json\/wp\/v2\/tags?post=100970"}],"curies":[{"name":"wp","href":"https:\/\/api.w.org\/{rel}","templated":true}]}}