{"id":107912,"date":"2018-01-02T11:30:32","date_gmt":"2018-01-02T15:30:32","guid":{"rendered":"http:\/\/dr1.com\/new\/?p=107912"},"modified":"2018-01-02T11:30:32","modified_gmt":"2018-01-02T15:30:32","slug":"president-medina-attends-ordination-of-new-bishop","status":"publish","type":"post","link":"https:\/\/dr1.com\/news\/2018\/01\/02\/president-medina-attends-ordination-of-new-bishop\/","title":{"rendered":"President Medina attends ordination of new bishop"},"content":{"rendered":"<p>On Saturday, 30 December 2017, President Danilo Medina attended the ordination of the new bishop of the diocese of San Pedro de Macor\u00eds, Monsignor Santiago Rodr\u00edguez Rodr\u00edguez. The ceremony was headed by Monsignor Gregorio Nicanor Pe\u00f1a Rodr\u00edguez, bishop of the diocese La Altagracia.<\/p>\n<p>The mass began at 10am in the sports center of the Central University of the East in San Pedro. The ceremony was also attended by members of the Dominican Episcopalian Conference, priests and deacons as well as members of the military and lay people.<\/p>\n<p>Read more in Spanish:<br \/>\n<a href=\"http:\/\/eldia.com.do\/danilomedina-asiste-al-acto-de-ordenacion-del-nuevo-obispo-de-la-diocesis-de-san-pedro-de-macoris\/\" target=\"_blank\">El Dia<\/a><\/p>\n<p>2 January 2018<\/p>\n","protected":false},"excerpt":{"rendered":"<p>On Saturday, 30 December 2017, President Danilo Medina attended the ordination of the new bishop of the diocese of San Pedro de Macor\u00eds, Monsignor Santiago Rodr\u00edguez Rodr\u00edguez. The ceremony was headed by Monsignor Gregorio Nicanor Pe\u00f1a Rodr\u00edguez, bishop of the diocese La Altagracia. The mass began at 10am in the sports center of the Central &hellip; <\/p>\n<p class=\"link-more\"><a href=\"https:\/\/dr1.com\/news\/2018\/01\/02\/president-medina-attends-ordination-of-new-bishop\/\" class=\"more-link\">Read more\u2026<\/a><\/p>\n","protected":false},"author":2,"featured_media":0,"comment_status":"open","ping_status":"closed","sticky":false,"template":"","format":"standard","meta":[],"categories":[22,3],"tags":[],"_links":{"self":[{"href":"https:\/\/dr1.com\/news\/wp-json\/wp\/v2\/posts\/107912"}],"collection":[{"href":"https:\/\/dr1.com\/news\/wp-json\/wp\/v2\/posts"}],"about":[{"href":"https:\/\/dr1.com\/news\/wp-json\/wp\/v2\/types\/post"}],"author":[{"embeddable":true,"href":"https:\/\/dr1.com\/news\/wp-json\/wp\/v2\/users\/2"}],"replies":[{"embeddable":true,"href":"https:\/\/dr1.com\/news\/wp-json\/wp\/v2\/comments?post=107912"}],"version-history":[{"count":0,"href":"https:\/\/dr1.com\/news\/wp-json\/wp\/v2\/posts\/107912\/revisions"}],"wp:attachment":[{"href":"https:\/\/dr1.com\/news\/wp-json\/wp\/v2\/media?parent=107912"}],"wp:term":[{"taxonomy":"category","embeddable":true,"href":"https:\/\/dr1.com\/news\/wp-json\/wp\/v2\/categories?post=107912"},{"taxonomy":"post_tag","embeddable":true,"href":"https:\/\/dr1.com\/news\/wp-json\/wp\/v2\/tags?post=107912"}],"curies":[{"name":"wp","href":"https:\/\/api.w.org\/{rel}","templated":true}]}}