{"id":107971,"date":"2018-01-03T09:36:32","date_gmt":"2018-01-03T13:36:32","guid":{"rendered":"http:\/\/dr1.com\/new\/?p=107971"},"modified":"2018-01-03T09:36:32","modified_gmt":"2018-01-03T13:36:32","slug":"dominican-to-head-un-climate-change-fund","status":"publish","type":"post","link":"https:\/\/dr1.com\/news\/2018\/01\/03\/dominican-to-head-un-climate-change-fund\/","title":{"rendered":"Dominican to head UN climate change fund"},"content":{"rendered":"<figure id=\"attachment_107996\" aria-describedby=\"caption-attachment-107996\" style=\"width: 300px\" class=\"wp-caption alignleft\"><img loading=\"lazy\" class=\"size-medium wp-image-107996\" src=\"http:\/\/dr1.com\/new\/wp-content\/uploads\/2018\/01\/Victor-Vi\u00f1as-Nicolas-UN-List\u00edn-Diario-300x200.jpeg\" alt=\"\" width=\"300\" height=\"200\" \/><figcaption id=\"caption-attachment-107996\" class=\"wp-caption-text\">V\u00edctor Vi\u00f1as Nicol\u00e1s \/ List\u00edn Diario<\/figcaption><\/figure>\n<p>For the first time in its history, the Adaptation Fund Board of The United Nations Framework Convention on Climate Change (UNFCCC) will be head by a Dominican, Victor Vi\u00f1as Nicol\u00e1s. Over the past eight years Vi\u00f1as Nicol\u00e1s has served as senior advisor and director of climate change at the Ministry of Environment and has been the chief negotiator for the Dominican Republic before the UNFCCC since the Bali 2007 meeting. He is a member of the National Council for Climate Change and Mechanism for Clean Development (CNCCMDI).<\/p>\n<p>Upon making the announcement, the executive vice president of the CNCCMDI, Ernesto Reyna Alcantara, pointed out that Vi\u00f1as Nicol\u00e1s, who had represented Latin America and the Caribbean on the executive board of the Fund, will now replace present chair Michael Kracht of Germany.<\/p>\n<p>On the importance of this mechanism an agency, Reyna Alcantara noted that the Adaptation Fund supports developing nations that are especially vulnerable to the adverse effects of climate change and who are members of the Kyoto Protocol. The Fund provides financing for programs and projects aimed at mitigating the greenhouse gases and adapting to the impact of climate change.<\/p>\n<p>Since 2010, the Adaptation Fund has committed US$ 462 million to support 73 countries, with nearly 5.5 million direct beneficiaries.<\/p>\n<p>Read more in Spanish:<br \/>\n<a href=\"https:\/\/listindiario.com\/economia\/2018\/01\/02\/497113\/dominicano-presidira-el-fondo-de-adaptacion-de-la-convencion-de-naciones-unidas\" target=\"_blank\">Listin Diario<\/a><br \/>\n<a href=\"https:\/\/www.uncclearn.org\/sites\/default\/files\/images\/victor_r._vinas_nicolas_bio.pdf\" target=\"_blank\">Victor Vi\u00f1as background<\/a><br \/>\n<a href=\"https:\/\/acento.com.do\/2018\/ecologia\/8523284-dominicano-vinas-presidira-fondo-adaptacion-onu-cambio-climatico\/\" target=\"_blank\">Acento<\/a><\/p>\n<p>3 January 2018<\/p>\n","protected":false},"excerpt":{"rendered":"<p>For the first time in its history, the Adaptation Fund Board of The United Nations Framework Convention on Climate Change (UNFCCC) will be head by a Dominican, Victor Vi\u00f1as Nicol\u00e1s. Over the past eight years Vi\u00f1as Nicol\u00e1s has served as senior advisor and director of climate change at the Ministry of Environment and has been &hellip; <\/p>\n<p class=\"link-more\"><a href=\"https:\/\/dr1.com\/news\/2018\/01\/03\/dominican-to-head-un-climate-change-fund\/\" class=\"more-link\">Read more\u2026<\/a><\/p>\n","protected":false},"author":2,"featured_media":0,"comment_status":"open","ping_status":"closed","sticky":false,"template":"","format":"standard","meta":[],"categories":[22,3],"tags":[],"_links":{"self":[{"href":"https:\/\/dr1.com\/news\/wp-json\/wp\/v2\/posts\/107971"}],"collection":[{"href":"https:\/\/dr1.com\/news\/wp-json\/wp\/v2\/posts"}],"about":[{"href":"https:\/\/dr1.com\/news\/wp-json\/wp\/v2\/types\/post"}],"author":[{"embeddable":true,"href":"https:\/\/dr1.com\/news\/wp-json\/wp\/v2\/users\/2"}],"replies":[{"embeddable":true,"href":"https:\/\/dr1.com\/news\/wp-json\/wp\/v2\/comments?post=107971"}],"version-history":[{"count":0,"href":"https:\/\/dr1.com\/news\/wp-json\/wp\/v2\/posts\/107971\/revisions"}],"wp:attachment":[{"href":"https:\/\/dr1.com\/news\/wp-json\/wp\/v2\/media?parent=107971"}],"wp:term":[{"taxonomy":"category","embeddable":true,"href":"https:\/\/dr1.com\/news\/wp-json\/wp\/v2\/categories?post=107971"},{"taxonomy":"post_tag","embeddable":true,"href":"https:\/\/dr1.com\/news\/wp-json\/wp\/v2\/tags?post=107971"}],"curies":[{"name":"wp","href":"https:\/\/api.w.org\/{rel}","templated":true}]}}