{"id":108039,"date":"2018-01-04T11:01:24","date_gmt":"2018-01-04T15:01:24","guid":{"rendered":"http:\/\/dr1.com\/new\/?p=108039"},"modified":"2018-01-04T11:01:24","modified_gmt":"2018-01-04T15:01:24","slug":"president-inaugurates-supermarket-in-ciudad-juan-bosch","status":"publish","type":"post","link":"https:\/\/dr1.com\/news\/2018\/01\/04\/president-inaugurates-supermarket-in-ciudad-juan-bosch\/","title":{"rendered":"President inaugurates supermarket in Ciudad Juan Bosch"},"content":{"rendered":"<figure id=\"attachment_108028\" aria-describedby=\"caption-attachment-108028\" style=\"width: 300px\" class=\"wp-caption alignleft\"><img loading=\"lazy\" class=\"size-medium wp-image-108028\" src=\"http:\/\/dr1.com\/new\/wp-content\/uploads\/2018\/01\/Super-Ole-in-Juan-Bosch-City-El-Dia-300x167.jpg\" alt=\"\" width=\"300\" height=\"167\" \/><figcaption id=\"caption-attachment-108028\" class=\"wp-caption-text\">Photo: El Dia<\/figcaption><\/figure>\n<p>On Tuesday, 2 January 2018, President Danilo Medina inaugurated a supermarket belonging to the Ol\u00e9 chain located in the Juan Bosch City where more than 500 families are currently living. Prior to the opening of the Ol\u00e9 supermarket, residents in the Ciudad Juan Bosch had to travel around 50 minutes to get to the nearest supermarket.<\/p>\n<p>Founder of Ol\u00e9, Jos\u00e9 Manuel Rodr\u00edguez Lomba, said he was very pleased to be able to help the residents of the new community and thanked the government for building the project.<\/p>\n<p>Having cut the ribbon to inaugurate the supermarket, President Medina toured the supermarket. Afterwards, he checked on the progress of the construction of a hospital and a nursery within the same Juan Bosch City government development complex.<\/p>\n<p>Read more in Spanish:<br \/>\n<a href=\"http:\/\/eldia.com.do\/medina-inaugura-ole-juan-bosch\/\" target=\"_blank\">El Dia<\/a><\/p>\n<p>4 January 2018<\/p>\n","protected":false},"excerpt":{"rendered":"<p>On Tuesday, 2 January 2018, President Danilo Medina inaugurated a supermarket belonging to the Ol\u00e9 chain located in the Juan Bosch City where more than 500 families are currently living. Prior to the opening of the Ol\u00e9 supermarket, residents in the Ciudad Juan Bosch had to travel around 50 minutes to get to the nearest &hellip; <\/p>\n<p class=\"link-more\"><a href=\"https:\/\/dr1.com\/news\/2018\/01\/04\/president-inaugurates-supermarket-in-ciudad-juan-bosch\/\" class=\"more-link\">Read more\u2026<\/a><\/p>\n","protected":false},"author":2,"featured_media":0,"comment_status":"open","ping_status":"closed","sticky":false,"template":"","format":"standard","meta":[],"categories":[22,3],"tags":[],"_links":{"self":[{"href":"https:\/\/dr1.com\/news\/wp-json\/wp\/v2\/posts\/108039"}],"collection":[{"href":"https:\/\/dr1.com\/news\/wp-json\/wp\/v2\/posts"}],"about":[{"href":"https:\/\/dr1.com\/news\/wp-json\/wp\/v2\/types\/post"}],"author":[{"embeddable":true,"href":"https:\/\/dr1.com\/news\/wp-json\/wp\/v2\/users\/2"}],"replies":[{"embeddable":true,"href":"https:\/\/dr1.com\/news\/wp-json\/wp\/v2\/comments?post=108039"}],"version-history":[{"count":0,"href":"https:\/\/dr1.com\/news\/wp-json\/wp\/v2\/posts\/108039\/revisions"}],"wp:attachment":[{"href":"https:\/\/dr1.com\/news\/wp-json\/wp\/v2\/media?parent=108039"}],"wp:term":[{"taxonomy":"category","embeddable":true,"href":"https:\/\/dr1.com\/news\/wp-json\/wp\/v2\/categories?post=108039"},{"taxonomy":"post_tag","embeddable":true,"href":"https:\/\/dr1.com\/news\/wp-json\/wp\/v2\/tags?post=108039"}],"curies":[{"name":"wp","href":"https:\/\/api.w.org\/{rel}","templated":true}]}}