{"id":109067,"date":"2018-02-05T09:42:39","date_gmt":"2018-02-05T13:42:39","guid":{"rendered":"http:\/\/dr1.com\/new\/?p=109067"},"modified":"2018-02-05T09:42:39","modified_gmt":"2018-02-05T13:42:39","slug":"haitian-legislators-visit-president-medina","status":"publish","type":"post","link":"https:\/\/dr1.com\/news\/2018\/02\/05\/haitian-legislators-visit-president-medina\/","title":{"rendered":"Haitian legislators visit President Medina"},"content":{"rendered":"<figure id=\"attachment_109050\" aria-describedby=\"caption-attachment-109050\" style=\"width: 300px\" class=\"wp-caption alignleft\"><img loading=\"lazy\" class=\"size-medium wp-image-109050\" src=\"http:\/\/dr1.com\/new\/wp-content\/uploads\/2018\/02\/Visit-of-Haitian-Legislators-300x200.jpg\" alt=\"\" width=\"300\" height=\"200\" \/><figcaption id=\"caption-attachment-109050\" class=\"wp-caption-text\">Photo: Presidency<\/figcaption><\/figure>\n<p>A delegation of Haitian legislators paid a courtesy visit to President Danilo Medina at the Presidential Palace on Friday, 2 February 2018. The delegation was headed by the presidents of the Senate and Chamber of Deputies of Haiti, Joseph Lambert and Gary Bodeau, respectively, the Presidency reported.<\/p>\n<p>Other members of the mission were senators Onondieu Louis, Willot Joseph, Evalliere Beauplan, Vilfrid Gelin, Saurel Jacinthe and Nawoon Marcellus. Also senators Ralph F\u00e9thi\u00e8re, Richard Herve Fourcand, Rony Gilot and Annibal Goffy. Visiting deputies in addition to Bodeau were: Man\u00e8s Louis, Ostin Pierre Louis, Jean Miller Jean, Alfredo Pierre Antoine, Jean Wilner Guervil, Guerda Benjamin and Joseph Benoit Laguerre.<\/p>\n<p>Present at the meeting with President Medina for the Dominican government were Presidency Minister Gustavo Montalvo; legal advisor to the President, Flavio Dario Esoinal and Presidency spokesman Roberto Rodr\u00edguez Marchena.<\/p>\n<p>Listin Diario reported that among the issues discussed was the increase in the cost of a legal visa for Haitians to travel to the DR. The visa reportedly increased from US$230 to US$350, but a rush visa costs US$380. The legislators said that a USA visa costs only US$150.<\/p>\n<p>Read more in Spanish:<br \/>\n<a href=\"https:\/\/presidencia.gob.do\/noticias\/danilo-medina-recibe-visita-de-cortesia-delegacion-senado-y-camara-de-diputados-de-haiti\" target=\"_blank\">Presidencia <\/a><br \/>\n<a href=\"https:\/\/www.diariolibre.com\/noticias\/parlamentarios-de-haiti-presentan-queja-de-visa-a-dm-LY9111841\" target=\"_blank\">Diario Libre<\/a><\/p>\n<p>5 February 2018<\/p>\n","protected":false},"excerpt":{"rendered":"<p>A delegation of Haitian legislators paid a courtesy visit to President Danilo Medina at the Presidential Palace on Friday, 2 February 2018. The delegation was headed by the presidents of the Senate and Chamber of Deputies of Haiti, Joseph Lambert and Gary Bodeau, respectively, the Presidency reported. Other members of the mission were senators Onondieu &hellip; <\/p>\n<p class=\"link-more\"><a href=\"https:\/\/dr1.com\/news\/2018\/02\/05\/haitian-legislators-visit-president-medina\/\" class=\"more-link\">Read more\u2026<\/a><\/p>\n","protected":false},"author":2,"featured_media":0,"comment_status":"open","ping_status":"closed","sticky":false,"template":"","format":"standard","meta":[],"categories":[22,3],"tags":[],"_links":{"self":[{"href":"https:\/\/dr1.com\/news\/wp-json\/wp\/v2\/posts\/109067"}],"collection":[{"href":"https:\/\/dr1.com\/news\/wp-json\/wp\/v2\/posts"}],"about":[{"href":"https:\/\/dr1.com\/news\/wp-json\/wp\/v2\/types\/post"}],"author":[{"embeddable":true,"href":"https:\/\/dr1.com\/news\/wp-json\/wp\/v2\/users\/2"}],"replies":[{"embeddable":true,"href":"https:\/\/dr1.com\/news\/wp-json\/wp\/v2\/comments?post=109067"}],"version-history":[{"count":0,"href":"https:\/\/dr1.com\/news\/wp-json\/wp\/v2\/posts\/109067\/revisions"}],"wp:attachment":[{"href":"https:\/\/dr1.com\/news\/wp-json\/wp\/v2\/media?parent=109067"}],"wp:term":[{"taxonomy":"category","embeddable":true,"href":"https:\/\/dr1.com\/news\/wp-json\/wp\/v2\/categories?post=109067"},{"taxonomy":"post_tag","embeddable":true,"href":"https:\/\/dr1.com\/news\/wp-json\/wp\/v2\/tags?post=109067"}],"curies":[{"name":"wp","href":"https:\/\/api.w.org\/{rel}","templated":true}]}}