{"id":109128,"date":"2018-02-06T10:00:22","date_gmt":"2018-02-06T14:00:22","guid":{"rendered":"http:\/\/dr1.com\/new\/?p=109128"},"modified":"2018-02-06T10:00:22","modified_gmt":"2018-02-06T14:00:22","slug":"uasd-rector-appeals-to-the-presidency-to-restore-classes-at-the-uasd","status":"publish","type":"post","link":"https:\/\/dr1.com\/news\/2018\/02\/06\/uasd-rector-appeals-to-the-presidency-to-restore-classes-at-the-uasd\/","title":{"rendered":"UASD rector appeals to the Presidency to restore classes at the UASD"},"content":{"rendered":"<figure id=\"attachment_109099\" aria-describedby=\"caption-attachment-109099\" style=\"width: 300px\" class=\"wp-caption alignleft\"><img loading=\"lazy\" class=\"size-medium wp-image-109099\" src=\"http:\/\/dr1.com\/new\/wp-content\/uploads\/2018\/02\/Ivan-Grullon-El-Dia-300x160.jpg\" alt=\"\" width=\"300\" height=\"160\" \/><figcaption id=\"caption-attachment-109099\" class=\"wp-caption-text\">Iv\u00e1n Grull\u00f3n \/ El D\u00eda<\/figcaption><\/figure>\n<p>The rector of the Autonomous University of Santo Domingo (UASD), Ivan Grull\u00f3n Fern\u00e1ndez, met on Monday, 5 February 2018, with Jos\u00e9 Ram\u00f3n Peralta, Administrative Minister of the Presidency, to seek a solution to faculty protests that are affecting the start of this semester of classes.<\/p>\n<p>Grull\u00f3n Fern\u00e1ndez said the Presidency would need to provide the additional cash for more classrooms, salary increases, among other demands made by the striking professors.<\/p>\n<p>For their part, the Federation of UASD Professors (Faprouasd) maintained their call for a strike demanding the authorities comply with their promise of a 5% salary increase and an improvement in the working conditions at the university.<\/p>\n<p>Read more in Spanish:<br \/>\n<a href=\"http:\/\/eldia.com.do\/rector-de-la-uasd-se-reunira-con-peralta-para-buscar-solucion-a-conflicto\/\" target=\"_blank\">El Dia<\/a><br \/>\n<a href=\"http:\/\/www.7dias.com.do\/portada\/2018\/02\/05\/i239792_rector-uasd-reitera-que-academia-tiene-dinero-para-aumentar-salarios.html#.WnjEPZM-ckg\" target=\"_blank\">7 Dias<\/a><\/p>\n<p>6 February 2018<\/p>\n","protected":false},"excerpt":{"rendered":"<p>The rector of the Autonomous University of Santo Domingo (UASD), Ivan Grull\u00f3n Fern\u00e1ndez, met on Monday, 5 February 2018, with Jos\u00e9 Ram\u00f3n Peralta, Administrative Minister of the Presidency, to seek a solution to faculty protests that are affecting the start of this semester of classes. Grull\u00f3n Fern\u00e1ndez said the Presidency would need to provide the &hellip; <\/p>\n<p class=\"link-more\"><a href=\"https:\/\/dr1.com\/news\/2018\/02\/06\/uasd-rector-appeals-to-the-presidency-to-restore-classes-at-the-uasd\/\" class=\"more-link\">Read more\u2026<\/a><\/p>\n","protected":false},"author":2,"featured_media":0,"comment_status":"open","ping_status":"closed","sticky":false,"template":"","format":"standard","meta":[],"categories":[22,3],"tags":[],"_links":{"self":[{"href":"https:\/\/dr1.com\/news\/wp-json\/wp\/v2\/posts\/109128"}],"collection":[{"href":"https:\/\/dr1.com\/news\/wp-json\/wp\/v2\/posts"}],"about":[{"href":"https:\/\/dr1.com\/news\/wp-json\/wp\/v2\/types\/post"}],"author":[{"embeddable":true,"href":"https:\/\/dr1.com\/news\/wp-json\/wp\/v2\/users\/2"}],"replies":[{"embeddable":true,"href":"https:\/\/dr1.com\/news\/wp-json\/wp\/v2\/comments?post=109128"}],"version-history":[{"count":0,"href":"https:\/\/dr1.com\/news\/wp-json\/wp\/v2\/posts\/109128\/revisions"}],"wp:attachment":[{"href":"https:\/\/dr1.com\/news\/wp-json\/wp\/v2\/media?parent=109128"}],"wp:term":[{"taxonomy":"category","embeddable":true,"href":"https:\/\/dr1.com\/news\/wp-json\/wp\/v2\/categories?post=109128"},{"taxonomy":"post_tag","embeddable":true,"href":"https:\/\/dr1.com\/news\/wp-json\/wp\/v2\/tags?post=109128"}],"curies":[{"name":"wp","href":"https:\/\/api.w.org\/{rel}","templated":true}]}}