{"id":110292,"date":"2018-03-08T10:15:59","date_gmt":"2018-03-08T14:15:59","guid":{"rendered":"http:\/\/dr1.com\/new\/?p=110292"},"modified":"2018-03-08T10:15:59","modified_gmt":"2018-03-08T14:15:59","slug":"puppet-shows-in-santo-domingo","status":"publish","type":"post","link":"https:\/\/dr1.com\/news\/2018\/03\/08\/puppet-shows-in-santo-domingo\/","title":{"rendered":"Puppet shows in Santo Domingo"},"content":{"rendered":"<p>&nbsp;<\/p>\n<figure id=\"attachment_110255\" aria-describedby=\"caption-attachment-110255\" style=\"width: 300px\" class=\"wp-caption alignleft\"><img loading=\"lazy\" class=\"size-medium wp-image-110255\" src=\"http:\/\/dr1.com\/new\/wp-content\/uploads\/2018\/03\/FITO-RD-Teatro-Cucara-Macara-Facebook-300x199.jpg\" alt=\"\" width=\"300\" height=\"199\" \/><figcaption id=\"caption-attachment-110255\" class=\"wp-caption-text\">Photo: Fundaci\u00f3n Teatro C\u00facara M\u00e1cara \/ Facebook<\/figcaption><\/figure>\n<p>Puppeteers from Mexico, Venezuela, and Spain are joining Dominican puppeteers for the First International Puppets and Animated Objects Fair (FITO) at different halls in Santo Domingo, Diario Libre reports. Basilio Nova, director of the Teatro C\u00facara-M\u00e1cara in Santo Domingo explained the hosting of the event is to celebrate the 37th anniversary of the theater group. He says studies have shown the best way to get people interested in theater is to start them early, as children. It also coincides with the celebration of the World Day of Puppetry on 21 March. Tickets to the shows are RD$300.<\/p>\n<p>The shows are:<br \/>\n\u201cLos tres pelos de oro\u201d by T\u00edteres y Marionetas el Tenderete (Mexico) on Thursday, 8 March and Friday, 9 March at 10:30am at the Sala Aida Bonelly of the National Theater, Saturday 10 March at 5:30pm at the Centro Cultural de Espa\u00f1a, Colonial City; and Sunday, 11 March at 6:30pm at the Sala Aida Bonelly of the National Theater.<br \/>\n\u201cAqu\u00ed Hay Gato Encerrado\u201d, by Producciones Valentina Castellanos, from Venezuela will be shown at the Teatro Monina Sol\u00e1, of the Centro Cultural Narciso Gonz\u00e1lez. Shows are Thursday, 8 March and Friday, 9 March at 10:30am.<br \/>\n\u201cJuego de Letras, es de poetas,\u201d by Tenderete from Spain, at the Teatro C\u00facara-M\u00e1cara. Shows are Thursday, 8 March and Friday, 9 March at 10:30am.<\/p>\n<p>8 March 2018<\/p>\n","protected":false},"excerpt":{"rendered":"<p>&nbsp; Puppeteers from Mexico, Venezuela, and Spain are joining Dominican puppeteers for the First International Puppets and Animated Objects Fair (FITO) at different halls in Santo Domingo, Diario Libre reports. Basilio Nova, director of the Teatro C\u00facara-M\u00e1cara in Santo Domingo explained the hosting of the event is to celebrate the 37th anniversary of the theater &hellip; <\/p>\n<p class=\"link-more\"><a href=\"https:\/\/dr1.com\/news\/2018\/03\/08\/puppet-shows-in-santo-domingo\/\" class=\"more-link\">Read more\u2026<\/a><\/p>\n","protected":false},"author":2,"featured_media":0,"comment_status":"open","ping_status":"closed","sticky":false,"template":"","format":"standard","meta":[],"categories":[22,3],"tags":[],"_links":{"self":[{"href":"https:\/\/dr1.com\/news\/wp-json\/wp\/v2\/posts\/110292"}],"collection":[{"href":"https:\/\/dr1.com\/news\/wp-json\/wp\/v2\/posts"}],"about":[{"href":"https:\/\/dr1.com\/news\/wp-json\/wp\/v2\/types\/post"}],"author":[{"embeddable":true,"href":"https:\/\/dr1.com\/news\/wp-json\/wp\/v2\/users\/2"}],"replies":[{"embeddable":true,"href":"https:\/\/dr1.com\/news\/wp-json\/wp\/v2\/comments?post=110292"}],"version-history":[{"count":0,"href":"https:\/\/dr1.com\/news\/wp-json\/wp\/v2\/posts\/110292\/revisions"}],"wp:attachment":[{"href":"https:\/\/dr1.com\/news\/wp-json\/wp\/v2\/media?parent=110292"}],"wp:term":[{"taxonomy":"category","embeddable":true,"href":"https:\/\/dr1.com\/news\/wp-json\/wp\/v2\/categories?post=110292"},{"taxonomy":"post_tag","embeddable":true,"href":"https:\/\/dr1.com\/news\/wp-json\/wp\/v2\/tags?post=110292"}],"curies":[{"name":"wp","href":"https:\/\/api.w.org\/{rel}","templated":true}]}}