{"id":111466,"date":"2018-04-17T12:07:19","date_gmt":"2018-04-17T16:07:19","guid":{"rendered":"http:\/\/dr1.com\/new\/?p=111466"},"modified":"2018-04-17T12:07:19","modified_gmt":"2018-04-17T16:07:19","slug":"contreras-to-be-deported-to-the-dr-in-ramirez-murder-case","status":"publish","type":"post","link":"https:\/\/dr1.com\/news\/2018\/04\/17\/contreras-to-be-deported-to-the-dr-in-ramirez-murder-case\/","title":{"rendered":"Contreras to be deported to the DR in Ramirez murder case"},"content":{"rendered":"<figure id=\"attachment_105252\" aria-describedby=\"caption-attachment-105252\" style=\"width: 300px\" class=\"wp-caption alignleft\"><img loading=\"lazy\" class=\"size-medium wp-image-105252\" src=\"http:\/\/dr1.com\/new\/wp-content\/uploads\/2017\/10\/Argenis-Contreras-7-Dias-300x200.jpg\" alt=\"\" width=\"300\" height=\"200\" \/><figcaption id=\"caption-attachment-105252\" class=\"wp-caption-text\">Argenis Contreras \/ 7 D\u00edas<\/figcaption><\/figure>\n<p>Argenis Contreras, a lead suspect in the murder of lawyer Yuniol Ram\u00edrez, has agreed to his deportation to the Dominican Republic in a court hearing before a United States judge.<\/p>\n<p>According to his lawyer, Carlos Balc\u00e1cer, Contreras will return to the country within a week to ten days, and he hopes his life will not be in danger when he returns as he will name the two police officers who he alleges committed the murder.<\/p>\n<p>In connection with the case, several suspects are currently in jail serving preventive custody terms including the wife of Argenis Contreras, Heydi Carolina Pe\u00f1a, Manuel Rivas, ex director of the Metropolitan Office of Bus Services (OMSA); Jos\u00e9 Mercado Blanco (El Grande) and Faustino Rosario D\u00edaz, former financial director of OMSA.<\/p>\n<p>In addition, Lucas Tob\u00eda Ortega Duarte, uncle of Argenis Contreras; V\u00edctor Elisander Raverlo Campos (\u201cEl Herrero\u201d), and Jorge Luis Abreu Fabi\u00e1n (\u201cDJ and El Taxista\u201d), accused of covering up for Argenis Contreras and attempting to destroy evidence.<\/p>\n<p>Read more in Spanish:<br \/>\nhttps:\/\/listindiario.com\/la-republica\/2018\/04\/16\/510783\/argenis-firmo-proceso-de-deportacion<\/p>\n<p>17 April 2018<\/p>\n","protected":false},"excerpt":{"rendered":"<p>Argenis Contreras, a lead suspect in the murder of lawyer Yuniol Ram\u00edrez, has agreed to his deportation to the Dominican Republic in a court hearing before a United States judge. According to his lawyer, Carlos Balc\u00e1cer, Contreras will return to the country within a week to ten days, and he hopes his life will not &hellip; <\/p>\n<p class=\"link-more\"><a href=\"https:\/\/dr1.com\/news\/2018\/04\/17\/contreras-to-be-deported-to-the-dr-in-ramirez-murder-case\/\" class=\"more-link\">Read more\u2026<\/a><\/p>\n","protected":false},"author":2,"featured_media":0,"comment_status":"open","ping_status":"closed","sticky":false,"template":"","format":"standard","meta":[],"categories":[22,3],"tags":[],"_links":{"self":[{"href":"https:\/\/dr1.com\/news\/wp-json\/wp\/v2\/posts\/111466"}],"collection":[{"href":"https:\/\/dr1.com\/news\/wp-json\/wp\/v2\/posts"}],"about":[{"href":"https:\/\/dr1.com\/news\/wp-json\/wp\/v2\/types\/post"}],"author":[{"embeddable":true,"href":"https:\/\/dr1.com\/news\/wp-json\/wp\/v2\/users\/2"}],"replies":[{"embeddable":true,"href":"https:\/\/dr1.com\/news\/wp-json\/wp\/v2\/comments?post=111466"}],"version-history":[{"count":0,"href":"https:\/\/dr1.com\/news\/wp-json\/wp\/v2\/posts\/111466\/revisions"}],"wp:attachment":[{"href":"https:\/\/dr1.com\/news\/wp-json\/wp\/v2\/media?parent=111466"}],"wp:term":[{"taxonomy":"category","embeddable":true,"href":"https:\/\/dr1.com\/news\/wp-json\/wp\/v2\/categories?post=111466"},{"taxonomy":"post_tag","embeddable":true,"href":"https:\/\/dr1.com\/news\/wp-json\/wp\/v2\/tags?post=111466"}],"curies":[{"name":"wp","href":"https:\/\/api.w.org\/{rel}","templated":true}]}}