{"id":111607,"date":"2018-04-26T08:48:30","date_gmt":"2018-04-26T12:48:30","guid":{"rendered":"http:\/\/dr1.com\/new\/?p=111607"},"modified":"2018-04-26T08:48:30","modified_gmt":"2018-04-26T12:48:30","slug":"marlon-and-marlin-martinez-accused-of-emely-peguero-murder","status":"publish","type":"post","link":"https:\/\/dr1.com\/news\/2018\/04\/26\/marlon-and-marlin-martinez-accused-of-emely-peguero-murder\/","title":{"rendered":"Marlon and Marlin Mart\u00ednez accused of Emely Peguero murder"},"content":{"rendered":"<figure id=\"attachment_111949\" aria-describedby=\"caption-attachment-111949\" style=\"width: 300px\" class=\"wp-caption alignleft\"><img loading=\"lazy\" class=\"size-medium wp-image-111949\" src=\"http:\/\/dr1.com\/new\/wp-content\/uploads\/2018\/04\/Regis-Victorio-Reyes-Diario-Libre-300x166.png\" alt=\"\" width=\"300\" height=\"166\" \/><figcaption id=\"caption-attachment-111949\" class=\"wp-caption-text\">Regis Victorio Reyes, Prosecutor \/ Diario Libre<\/figcaption><\/figure>\n<p>San Francisco prosecutors placed formal acusations against Marlon Mart\u00ednez and his mother Marlyn for the murder of 16-year old pregnant teenager Emely Peguero in Duarte province. The prosecutors have asked for 30 years for Marlon and 20 years for his mother. The prosecutors desisted from making accusations against the two maids of the Mart\u00ednez household and the brother of Marlin, Henry Mart\u00ednez. They also did not press charges against Sim\u00f3n Bol\u00edvar Ure\u00f1a (El Boli), initially accused of having disposed of the corpse. Ure\u00f1a reached a deal with the prosecutors to tell all he knew. The case is heard by Judge Isolina Peralta.<\/p>\n<p>Peguero was murdered when seven months pregnant of Mart\u00ednez\u2019s child. Initially she had been reported missing by Mart\u00ednez and his mother. Ure\u00f1a later helped locate the corpse that had been left inside a suitcase in a farm in nearby Espaillat province.<\/p>\n<p>Read more in Spanish:<br \/>\n<a href=\"https:\/\/www.listindiario.com\/la-republica\/2018\/04\/25\/512267\/fiscalia-deposita-acusacion-formal-contra-marlon-y-marlyn-martinez-pide-30-y-20-anos-de-prision\" target=\"_blank\" rel=\"noopener\">Listin Diario<\/a><br \/>\n<a href=\"https:\/\/www.diariolibre.com\/noticias\/justicia\/fiscal-pide-30-anos-contra-marlon-y-20-para-marlin-EY9724897\" target=\"_blank\" rel=\"noopener\">Diario Libre<\/a><\/p>\n<p>26 April 2018<\/p>\n","protected":false},"excerpt":{"rendered":"<p>San Francisco prosecutors placed formal acusations against Marlon Mart\u00ednez and his mother Marlyn for the murder of 16-year old pregnant teenager Emely Peguero in Duarte province. The prosecutors have asked for 30 years for Marlon and 20 years for his mother. The prosecutors desisted from making accusations against the two maids of the Mart\u00ednez household &hellip; <\/p>\n<p class=\"link-more\"><a href=\"https:\/\/dr1.com\/news\/2018\/04\/26\/marlon-and-marlin-martinez-accused-of-emely-peguero-murder\/\" class=\"more-link\">Read more\u2026<\/a><\/p>\n","protected":false},"author":2,"featured_media":0,"comment_status":"open","ping_status":"closed","sticky":false,"template":"","format":"standard","meta":[],"categories":[22,3],"tags":[],"_links":{"self":[{"href":"https:\/\/dr1.com\/news\/wp-json\/wp\/v2\/posts\/111607"}],"collection":[{"href":"https:\/\/dr1.com\/news\/wp-json\/wp\/v2\/posts"}],"about":[{"href":"https:\/\/dr1.com\/news\/wp-json\/wp\/v2\/types\/post"}],"author":[{"embeddable":true,"href":"https:\/\/dr1.com\/news\/wp-json\/wp\/v2\/users\/2"}],"replies":[{"embeddable":true,"href":"https:\/\/dr1.com\/news\/wp-json\/wp\/v2\/comments?post=111607"}],"version-history":[{"count":0,"href":"https:\/\/dr1.com\/news\/wp-json\/wp\/v2\/posts\/111607\/revisions"}],"wp:attachment":[{"href":"https:\/\/dr1.com\/news\/wp-json\/wp\/v2\/media?parent=111607"}],"wp:term":[{"taxonomy":"category","embeddable":true,"href":"https:\/\/dr1.com\/news\/wp-json\/wp\/v2\/categories?post=111607"},{"taxonomy":"post_tag","embeddable":true,"href":"https:\/\/dr1.com\/news\/wp-json\/wp\/v2\/tags?post=111607"}],"curies":[{"name":"wp","href":"https:\/\/api.w.org\/{rel}","templated":true}]}}