{"id":112486,"date":"2018-05-14T10:04:12","date_gmt":"2018-05-14T14:04:12","guid":{"rendered":"http:\/\/dr1.com\/new\/?p=112486"},"modified":"2018-05-14T10:04:12","modified_gmt":"2018-05-14T14:04:12","slug":"carla-massiel-murder-case-read-to-start","status":"publish","type":"post","link":"https:\/\/dr1.com\/news\/2018\/05\/14\/carla-massiel-murder-case-read-to-start\/","title":{"rendered":"Carla Massiel murder case read to start"},"content":{"rendered":"<p><img loading=\"lazy\" class=\"alignleft size-medium wp-image-95841\" src=\"http:\/\/dr1.com\/new\/wp-content\/uploads\/2017\/02\/Carla-Massiel-Reyes-289x300.png\" alt=\"\" width=\"289\" height=\"300\" \/>The Third Court of Instruction of the Province of Santo Domingo ordered the start of the hearing against Darwin Jos\u00e9 Trinidad and Juan Cabral Mart\u00ednez accused of the death of 10-year old Carla Massiel, who went missing on 25 June 2015.<\/p>\n<p>Judge Hilda S\u00e1nchez excluded for lack of evidence, Liliana Santana, who relatives of the victim had accused of being involved in the murder of the child. Santana is daughter of late physician Hip\u00f3lito Santana, owner of the Cl\u00ednica Integral, who was mentioned in the investigations by Trinidad. Trinidad says his participation was just to dispose of the corpse after organs were extracted by Liliana Santana for her father.<\/p>\n<p>The body was the child was found on 16 August 2016 after the child had been missing for over a year.<\/p>\n<p>The accused are in pretrial custody at La Victoria and San Pedro de Macoris jails.<\/p>\n<p>Read more in Spanish:<br \/>\n<a href=\"http:\/\/hoy.com.do\/envian-a-juicio-acusados-muerte-nina-carla-massiel\/\" target=\"_blank\" rel=\"noopener\">Hoy<\/a><br \/>\n<a href=\"https:\/\/www.listindiario.com\/la-republica\/2018\/05\/12\/514595\/excluyen-a-hija-del-doctor-santana-del-caso-carla-massiel\" target=\"_blank\" rel=\"noopener\">Listin Diario<\/a><br \/>\n<a href=\"https:\/\/www.diariolibre.com\/noticias\/hallan-cadaver-sin-organos-de-nina-carla-massiel-desaparecida-hace-un-ano-XN4690347\" target=\"_blank\" rel=\"noopener\">Diario Libre<\/a><\/p>\n<p>14 May 2018<\/p>\n","protected":false},"excerpt":{"rendered":"<p>The Third Court of Instruction of the Province of Santo Domingo ordered the start of the hearing against Darwin Jos\u00e9 Trinidad and Juan Cabral Mart\u00ednez accused of the death of 10-year old Carla Massiel, who went missing on 25 June 2015. Judge Hilda S\u00e1nchez excluded for lack of evidence, Liliana Santana, who relatives of the &hellip; <\/p>\n<p class=\"link-more\"><a href=\"https:\/\/dr1.com\/news\/2018\/05\/14\/carla-massiel-murder-case-read-to-start\/\" class=\"more-link\">Read more\u2026<\/a><\/p>\n","protected":false},"author":2,"featured_media":0,"comment_status":"open","ping_status":"closed","sticky":false,"template":"","format":"standard","meta":[],"categories":[22,3],"tags":[],"_links":{"self":[{"href":"https:\/\/dr1.com\/news\/wp-json\/wp\/v2\/posts\/112486"}],"collection":[{"href":"https:\/\/dr1.com\/news\/wp-json\/wp\/v2\/posts"}],"about":[{"href":"https:\/\/dr1.com\/news\/wp-json\/wp\/v2\/types\/post"}],"author":[{"embeddable":true,"href":"https:\/\/dr1.com\/news\/wp-json\/wp\/v2\/users\/2"}],"replies":[{"embeddable":true,"href":"https:\/\/dr1.com\/news\/wp-json\/wp\/v2\/comments?post=112486"}],"version-history":[{"count":0,"href":"https:\/\/dr1.com\/news\/wp-json\/wp\/v2\/posts\/112486\/revisions"}],"wp:attachment":[{"href":"https:\/\/dr1.com\/news\/wp-json\/wp\/v2\/media?parent=112486"}],"wp:term":[{"taxonomy":"category","embeddable":true,"href":"https:\/\/dr1.com\/news\/wp-json\/wp\/v2\/categories?post=112486"},{"taxonomy":"post_tag","embeddable":true,"href":"https:\/\/dr1.com\/news\/wp-json\/wp\/v2\/tags?post=112486"}],"curies":[{"name":"wp","href":"https:\/\/api.w.org\/{rel}","templated":true}]}}