{"id":112689,"date":"2018-05-17T09:21:01","date_gmt":"2018-05-17T13:21:01","guid":{"rendered":"http:\/\/dr1.com\/new\/?p=112689"},"modified":"2018-05-17T09:21:01","modified_gmt":"2018-05-17T13:21:01","slug":"piccini-calls-on-soto-jimenez-to-testify-in-tucano-case","status":"publish","type":"post","link":"https:\/\/dr1.com\/news\/2018\/05\/17\/piccini-calls-on-soto-jimenez-to-testify-in-tucano-case\/","title":{"rendered":"Piccini calls on Soto Jimenez to testify in Tucano case"},"content":{"rendered":"<figure id=\"attachment_112671\" aria-describedby=\"caption-attachment-112671\" style=\"width: 300px\" class=\"wp-caption alignleft\"><img loading=\"lazy\" class=\"size-medium wp-image-112671\" src=\"http:\/\/dr1.com\/new\/wp-content\/uploads\/2018\/05\/Tucano-Diario-Libre-300x160.jpg\" alt=\"\" width=\"300\" height=\"160\" \/><figcaption id=\"caption-attachment-112671\" class=\"wp-caption-text\">Photo: Diario Libre<\/figcaption><\/figure>\n<p>Dominican Air Force Colonel Carlos Picini Nu\u00f1ez asked the Fourth Chamber for Instruction of the National District to include as witnesses in the Embraer-Super Tucano case, former Minister of the Armed to Forces, Lieutenant General Jos\u00e9 Miguel Soto Jimenez as well as a nephew of Senator Ren\u00e9 Canaan Rojas. Soto Jim\u00e9nez had served as Dominican ambassador in Taiwan until relations with Taiwan were severed on 30 April 2018.<\/p>\n<p>Piccini says that if there were bribes for acquiring the Brazilian aircraft, then they were paid through the Presidency of the Republic, the Ministry of Hacienda and the Senate.<\/p>\n<p>In a deposition filed on 11 May, Piccini who is the only person currently in jail for the US$3.5 million paid in bribes paid by the Brazilian Aeronautical Company (Embraer) for the purchase and sale of eight planes by the Dominican government, it was stated that it was the President of the Republic in 2007 (Leonel Fern\u00e1ndez) who authorized then Minister of the Armed Forces, Ramon Antonio Aquino Garcia to sign an addendum to the contract for acquiring the Tucano aircraft.<\/p>\n<p>With the testimony of Soto Jimenez and Rafael Guillermo Bueno Vasquez, the former Air Force chief of staff, said he will be able to \u201cprove that they were the persons who conceived the project of the Super Tucano aircraft and this was not a project thought up by Mister Carlos Picini Nu\u00f1ez.\u201d<\/p>\n<p>The document goes on to list testimony by a series of persons who have been investigated regarding this purchase of over US$90 million.<\/p>\n<p>Read more in Spanish:<br \/>\n<a href=\"https:\/\/www.diariolibre.com\/noticias\/justicia\/piccini-propone-como-testigos-a-soto-jimenez-y-sobrino-senador-en-caso-tucano-MJ9874358\" target=\"_blank\" rel=\"noopener\">Diario Libre<\/a><\/p>\n<p>17 May 2018<\/p>\n","protected":false},"excerpt":{"rendered":"<p>Dominican Air Force Colonel Carlos Picini Nu\u00f1ez asked the Fourth Chamber for Instruction of the National District to include as witnesses in the Embraer-Super Tucano case, former Minister of the Armed to Forces, Lieutenant General Jos\u00e9 Miguel Soto Jimenez as well as a nephew of Senator Ren\u00e9 Canaan Rojas. Soto Jim\u00e9nez had served as Dominican &hellip; <\/p>\n<p class=\"link-more\"><a href=\"https:\/\/dr1.com\/news\/2018\/05\/17\/piccini-calls-on-soto-jimenez-to-testify-in-tucano-case\/\" class=\"more-link\">Read more\u2026<\/a><\/p>\n","protected":false},"author":2,"featured_media":0,"comment_status":"open","ping_status":"closed","sticky":false,"template":"","format":"standard","meta":[],"categories":[22,3],"tags":[],"_links":{"self":[{"href":"https:\/\/dr1.com\/news\/wp-json\/wp\/v2\/posts\/112689"}],"collection":[{"href":"https:\/\/dr1.com\/news\/wp-json\/wp\/v2\/posts"}],"about":[{"href":"https:\/\/dr1.com\/news\/wp-json\/wp\/v2\/types\/post"}],"author":[{"embeddable":true,"href":"https:\/\/dr1.com\/news\/wp-json\/wp\/v2\/users\/2"}],"replies":[{"embeddable":true,"href":"https:\/\/dr1.com\/news\/wp-json\/wp\/v2\/comments?post=112689"}],"version-history":[{"count":0,"href":"https:\/\/dr1.com\/news\/wp-json\/wp\/v2\/posts\/112689\/revisions"}],"wp:attachment":[{"href":"https:\/\/dr1.com\/news\/wp-json\/wp\/v2\/media?parent=112689"}],"wp:term":[{"taxonomy":"category","embeddable":true,"href":"https:\/\/dr1.com\/news\/wp-json\/wp\/v2\/categories?post=112689"},{"taxonomy":"post_tag","embeddable":true,"href":"https:\/\/dr1.com\/news\/wp-json\/wp\/v2\/tags?post=112689"}],"curies":[{"name":"wp","href":"https:\/\/api.w.org\/{rel}","templated":true}]}}