{"id":113373,"date":"2018-06-11T19:01:07","date_gmt":"2018-06-11T23:01:07","guid":{"rendered":"http:\/\/dr1.com\/new\/?p=113373"},"modified":"2018-06-11T19:01:07","modified_gmt":"2018-06-11T23:01:07","slug":"marcha-verde-calls-on-public-not-to-become-fatigued-in-rejecting-impunity","status":"publish","type":"post","link":"https:\/\/dr1.com\/news\/2018\/06\/11\/marcha-verde-calls-on-public-not-to-become-fatigued-in-rejecting-impunity\/","title":{"rendered":"Marcha Verde calls on public not to become fatigued in rejecting impunity"},"content":{"rendered":"<figure id=\"attachment_113351\" aria-describedby=\"caption-attachment-113351\" style=\"width: 300px\" class=\"wp-caption alignleft\"><img loading=\"lazy\" class=\"size-medium wp-image-113351\" src=\"http:\/\/dr1.com\/new\/wp-content\/uploads\/2018\/06\/Marcha-Verde-Acento-300x200.jpg\" alt=\"\" width=\"300\" height=\"200\" \/><figcaption id=\"caption-attachment-113351\" class=\"wp-caption-text\">Photo: Acento<\/figcaption><\/figure>\n<p>The Marcha Verde civic movement says that the Odebrecht case filed by the Attorney General protects the corrupt elite of the ruling PLD political party. The movement called for a Concert for Dignity (Voces de la Dignidad) on Sunday, 17 June 2018, at 5pm, in front of the Supreme Court of Justice. The concert aims \u201cto express citizens\u2019 rejection of the case filed by the Attorney General and the PLD\u2019s attempt to keep the country under a regime of impunity.&#8221;<\/p>\n<p>On Friday, Attorney General Jean Alain Rodr\u00edguez announced it was filing the Odebrecht case reducing to six from 14 the number of persons accused. A new person was added, former president of the Senate Jes\u00fas V\u00e1squez, a high ranking officer of the PRM opposition party.<\/p>\n<p>The Marcha Verde movement said that by excluding the main officers and legislators that were responsible for promoting and approving the Odebrecht contracts in the country the image of \u201cuntouchables\u201d of the PLD elite is strengthened. Marcha Verde says this image is used by those who steal the taxpayers\u2019 money to remain in power, as reported by Acento.<\/p>\n<p>Marcha Verde warned on Sunday, that the Odebrecht corruption case file presented by the Public Ministry shields the elite and the corruption apparatus of the Dominican Liberation Party (PLD) and allows them to continue stealing public resources with impunity and controlling in an undemocratic manner all the powers of the State.<\/p>\n<p>The movement says that by excluding PLD party president and former President Leonel Fern\u00e1ndez, President Danilo Medina, Public Electricity Corporation (CDEEE) executive vice president Rub\u00e9n Jim\u00e9nez Bichara, Public Works Minister Gonzalo Castillo, president of the Senate Reinaldo Pared P\u00e9rez, former president of the Senate Cristina Lizardo, former president of the Chamber of Deputies Abel Mart\u00ednez, former Minister of Economy Juan Tem\u00edstocles Mont\u00e1s, former president of the CDEEE, legislator Julio C\u00e9sar Valent\u00edn, former president of the Chamber of Deputies Luc\u00eda Medina, former Minister of Hacienda Vicente Bengoa and other high ranking PLD members from the Odebrecht case is because Attorney General Jean Alain Rodr\u00edguez, member of the Central Committee of the PLD, has designed a case to protect and guarantee the impunity of the ruling party hierarchy.<\/p>\n<p>The movement stated:<br \/>\n&#8220;It&#8217;s not just a court case anymore. It is a struggle for democracy. This is a file that leaves out the elite of the purple quagmire, responsible for approving the vast majority of Odebrecht contracts from 2004 to 2014, including the term of President Danilo Medina, when \u00c1ngel Rond\u00f3n received from the construction company 62% of the funds for the bribes&#8221;, warns the group. \u201cThey are betting that we will tire of protesting, but we will resist. We will never get tired of liberating our country from the regime of corruption and impunity that the PLD has consolidated in the State. It is already a matter of dignity and freedom, of defending our present and our future. We cannot tire. Juan Pablo Duarte never got tired,\u201d says Marcha Verde.<\/p>\n<p>Read more in Spanish:<br \/>\n<a href=\"https:\/\/acento.com.do\/2018\/politica\/8574228-marcha-verde-denuncia-expediente-odebrecht-protege-la-elite-corrupta-del-pld\/\" target=\"_blank\" rel=\"noopener\">Acento<\/a><br \/>\n<a href=\"https:\/\/www.listindiario.com\/la-republica\/2018\/06\/08\/518697\/chu-vasquez-dice-solo-tiene-cuatro-cuentas-de-banco-le-resulta-curioso-excluyeran-miembros-del-cp-del-pld\" target=\"_blank\" rel=\"noopener\">Listin Diario<\/a><\/p>\n<p>11 June 2018<\/p>\n","protected":false},"excerpt":{"rendered":"<p>The Marcha Verde civic movement says that the Odebrecht case filed by the Attorney General protects the corrupt elite of the ruling PLD political party. The movement called for a Concert for Dignity (Voces de la Dignidad) on Sunday, 17 June 2018, at 5pm, in front of the Supreme Court of Justice. The concert aims &hellip; <\/p>\n<p class=\"link-more\"><a href=\"https:\/\/dr1.com\/news\/2018\/06\/11\/marcha-verde-calls-on-public-not-to-become-fatigued-in-rejecting-impunity\/\" class=\"more-link\">Read more\u2026<\/a><\/p>\n","protected":false},"author":2,"featured_media":0,"comment_status":"open","ping_status":"closed","sticky":false,"template":"","format":"standard","meta":[],"categories":[22,3],"tags":[],"_links":{"self":[{"href":"https:\/\/dr1.com\/news\/wp-json\/wp\/v2\/posts\/113373"}],"collection":[{"href":"https:\/\/dr1.com\/news\/wp-json\/wp\/v2\/posts"}],"about":[{"href":"https:\/\/dr1.com\/news\/wp-json\/wp\/v2\/types\/post"}],"author":[{"embeddable":true,"href":"https:\/\/dr1.com\/news\/wp-json\/wp\/v2\/users\/2"}],"replies":[{"embeddable":true,"href":"https:\/\/dr1.com\/news\/wp-json\/wp\/v2\/comments?post=113373"}],"version-history":[{"count":0,"href":"https:\/\/dr1.com\/news\/wp-json\/wp\/v2\/posts\/113373\/revisions"}],"wp:attachment":[{"href":"https:\/\/dr1.com\/news\/wp-json\/wp\/v2\/media?parent=113373"}],"wp:term":[{"taxonomy":"category","embeddable":true,"href":"https:\/\/dr1.com\/news\/wp-json\/wp\/v2\/categories?post=113373"},{"taxonomy":"post_tag","embeddable":true,"href":"https:\/\/dr1.com\/news\/wp-json\/wp\/v2\/tags?post=113373"}],"curies":[{"name":"wp","href":"https:\/\/api.w.org\/{rel}","templated":true}]}}