{"id":114694,"date":"2018-07-19T10:09:36","date_gmt":"2018-07-19T14:09:36","guid":{"rendered":"http:\/\/dr1.com\/new\/?p=114694"},"modified":"2018-07-19T10:09:36","modified_gmt":"2018-07-19T14:09:36","slug":"comedy-at-the-national-theater-7","status":"publish","type":"post","link":"https:\/\/dr1.com\/news\/2018\/07\/19\/comedy-at-the-national-theater-7\/","title":{"rendered":"Comedy at the National Theater"},"content":{"rendered":"<figure id=\"attachment_114662\" aria-describedby=\"caption-attachment-114662\" style=\"width: 300px\" class=\"wp-caption alignleft\"><img loading=\"lazy\" class=\"size-medium wp-image-114662\" src=\"http:\/\/dr1.com\/new\/wp-content\/uploads\/2018\/07\/La-Escuelota-Diario-Libre-300x160.jpg\" alt=\"\" width=\"300\" height=\"160\" \/><figcaption id=\"caption-attachment-114662\" class=\"wp-caption-text\">Photo: Diario Libre<\/figcaption><\/figure>\n<p>Because of a sellout, a Sunday extra showing of the La Escuelota comedy has been programmed for the National Theater. The first showing on Sunday, 22 July is at 6:30pm, with a second performance now scheduled for 8:30pm.<\/p>\n<p>Starring roles are by comedians Felipe Polanco, Cuqu\u00edn Victoria, Nani Pe\u00f1a, Kenny Grull\u00f3n, Luis Gil, Phillip Rodr\u00edguez, Nicol\u00e1s D\u00edaz, Freddyn Beras. Musical direction is by V\u00edctor Taveras.<br \/>\nThe comedy will be shown on 15 August 2018 in Santiago.<\/p>\n<p>Tickets are for sale online at Uepa Tickets and at the Jumbo, Supermercados Nacional and National Theater box offices.<\/p>\n<p>Read more in Spanish:<br \/>\n<a href=\"https:\/\/www.diariolibre.com\/revista\/cultura\/el-show-la-escuelota-anuncia-tercera-funcion-para-esta-semana-NE10369994\" target=\"_blank\" rel=\"noopener\">Diario Libre<\/a><\/p>\n<p>19 July 2018<\/p>\n","protected":false},"excerpt":{"rendered":"<p>Because of a sellout, a Sunday extra showing of the La Escuelota comedy has been programmed for the National Theater. The first showing on Sunday, 22 July is at 6:30pm, with a second performance now scheduled for 8:30pm. Starring roles are by comedians Felipe Polanco, Cuqu\u00edn Victoria, Nani Pe\u00f1a, Kenny Grull\u00f3n, Luis Gil, Phillip Rodr\u00edguez, &hellip; <\/p>\n<p class=\"link-more\"><a href=\"https:\/\/dr1.com\/news\/2018\/07\/19\/comedy-at-the-national-theater-7\/\" class=\"more-link\">Read more\u2026<\/a><\/p>\n","protected":false},"author":2,"featured_media":0,"comment_status":"open","ping_status":"closed","sticky":false,"template":"","format":"standard","meta":[],"categories":[22,3],"tags":[],"_links":{"self":[{"href":"https:\/\/dr1.com\/news\/wp-json\/wp\/v2\/posts\/114694"}],"collection":[{"href":"https:\/\/dr1.com\/news\/wp-json\/wp\/v2\/posts"}],"about":[{"href":"https:\/\/dr1.com\/news\/wp-json\/wp\/v2\/types\/post"}],"author":[{"embeddable":true,"href":"https:\/\/dr1.com\/news\/wp-json\/wp\/v2\/users\/2"}],"replies":[{"embeddable":true,"href":"https:\/\/dr1.com\/news\/wp-json\/wp\/v2\/comments?post=114694"}],"version-history":[{"count":0,"href":"https:\/\/dr1.com\/news\/wp-json\/wp\/v2\/posts\/114694\/revisions"}],"wp:attachment":[{"href":"https:\/\/dr1.com\/news\/wp-json\/wp\/v2\/media?parent=114694"}],"wp:term":[{"taxonomy":"category","embeddable":true,"href":"https:\/\/dr1.com\/news\/wp-json\/wp\/v2\/categories?post=114694"},{"taxonomy":"post_tag","embeddable":true,"href":"https:\/\/dr1.com\/news\/wp-json\/wp\/v2\/tags?post=114694"}],"curies":[{"name":"wp","href":"https:\/\/api.w.org\/{rel}","templated":true}]}}