{"id":115211,"date":"2018-08-07T11:21:31","date_gmt":"2018-08-07T15:21:31","guid":{"rendered":"http:\/\/dr1.com\/new\/?p=115211"},"modified":"2018-08-07T11:21:31","modified_gmt":"2018-08-07T15:21:31","slug":"president-medina-attends-colombias-president-inaugural","status":"publish","type":"post","link":"https:\/\/dr1.com\/news\/2018\/08\/07\/president-medina-attends-colombias-president-inaugural\/","title":{"rendered":"President Medina attends Colombia\u2019s president inaugural"},"content":{"rendered":"<figure id=\"attachment_115198\" aria-describedby=\"caption-attachment-115198\" style=\"width: 300px\" class=\"wp-caption alignleft\"><img loading=\"lazy\" class=\"size-medium wp-image-115198\" src=\"http:\/\/dr1.com\/new\/wp-content\/uploads\/2018\/08\/Danilo-Medina-travelling-Presidency-300x168.jpg\" alt=\"\" width=\"300\" height=\"168\" \/><figcaption id=\"caption-attachment-115198\" class=\"wp-caption-text\">Danilo Medina \/ Presidency<\/figcaption><\/figure>\n<p>Today, Tuesday 7 August, President Danilo Medina is scheduled to travel to Bogot\u00e1, Colombia for the inauguration of President Iv\u00e1n Duque and his Vice President Marta Luc\u00eda Ram\u00edrez. He will join nine other Latin American heads of state and delegations from 17 countries at the inauguration.<\/p>\n<p>Among the heads of state expected to be present are Mexico, Enrique Pe\u00f1a Nieto; Chile, Sebasti\u00e1n Pi\u00f1era; Ecuador, Len\u00edn Moreno, and Panama, Juan Carlos Varela. In addition attending will be the Heads of State from Argentina, Mauricio Macri; Bolivia, Evo Morales; Costa Rica, Carlos Alvarado; Guatemala, Jimmy Morales, and Honduras, Juan Orlando Hern\u00e1ndez.<\/p>\n<p>Read more in Spanish:<\/p>\n<p>https:\/\/www.listindiario.com\/la-republica\/2018\/08\/06\/527408\/danilo-medina-ira-manana-a-colombia-a-toma-de-posesion-del-nuevo-presidente<\/p>\n<p>7 August 2018<\/p>\n","protected":false},"excerpt":{"rendered":"<p>Today, Tuesday 7 August, President Danilo Medina is scheduled to travel to Bogot\u00e1, Colombia for the inauguration of President Iv\u00e1n Duque and his Vice President Marta Luc\u00eda Ram\u00edrez. He will join nine other Latin American heads of state and delegations from 17 countries at the inauguration. Among the heads of state expected to be present &hellip; <\/p>\n<p class=\"link-more\"><a href=\"https:\/\/dr1.com\/news\/2018\/08\/07\/president-medina-attends-colombias-president-inaugural\/\" class=\"more-link\">Read more\u2026<\/a><\/p>\n","protected":false},"author":2,"featured_media":0,"comment_status":"open","ping_status":"closed","sticky":false,"template":"","format":"standard","meta":[],"categories":[5],"tags":[],"_links":{"self":[{"href":"https:\/\/dr1.com\/news\/wp-json\/wp\/v2\/posts\/115211"}],"collection":[{"href":"https:\/\/dr1.com\/news\/wp-json\/wp\/v2\/posts"}],"about":[{"href":"https:\/\/dr1.com\/news\/wp-json\/wp\/v2\/types\/post"}],"author":[{"embeddable":true,"href":"https:\/\/dr1.com\/news\/wp-json\/wp\/v2\/users\/2"}],"replies":[{"embeddable":true,"href":"https:\/\/dr1.com\/news\/wp-json\/wp\/v2\/comments?post=115211"}],"version-history":[{"count":0,"href":"https:\/\/dr1.com\/news\/wp-json\/wp\/v2\/posts\/115211\/revisions"}],"wp:attachment":[{"href":"https:\/\/dr1.com\/news\/wp-json\/wp\/v2\/media?parent=115211"}],"wp:term":[{"taxonomy":"category","embeddable":true,"href":"https:\/\/dr1.com\/news\/wp-json\/wp\/v2\/categories?post=115211"},{"taxonomy":"post_tag","embeddable":true,"href":"https:\/\/dr1.com\/news\/wp-json\/wp\/v2\/tags?post=115211"}],"curies":[{"name":"wp","href":"https:\/\/api.w.org\/{rel}","templated":true}]}}