{"id":115213,"date":"2018-08-07T11:24:25","date_gmt":"2018-08-07T15:24:25","guid":{"rendered":"http:\/\/dr1.com\/new\/?p=115213"},"modified":"2018-08-07T11:24:25","modified_gmt":"2018-08-07T15:24:25","slug":"metro-to-be-inaugurated-tomorrow","status":"publish","type":"post","link":"https:\/\/dr1.com\/news\/2018\/08\/07\/metro-to-be-inaugurated-tomorrow\/","title":{"rendered":"Metro to be inaugurated tomorrow"},"content":{"rendered":"<figure id=\"attachment_115199\" aria-describedby=\"caption-attachment-115199\" style=\"width: 300px\" class=\"wp-caption alignleft\"><img loading=\"lazy\" class=\"size-medium wp-image-115199\" src=\"http:\/\/dr1.com\/new\/wp-content\/uploads\/2018\/08\/Manuel-Antonio-Garccia-Saleta-OPRET-El-Dia-300x201.jpg\" alt=\"\" width=\"300\" height=\"201\" \/><figcaption id=\"caption-attachment-115199\" class=\"wp-caption-text\">Manuel Antonio Garc\u00eda Saleta \/ El D\u00eda<\/figcaption><\/figure>\n<p>The director for the Office for the Reorganization of Transport (OPRET), Manuel Antonio Saleta Garc\u00eda, announced that Line 2B of the Santo Domingo Metro will be inaugurated by President Danilo Medina on Wednesday, 8 August 2018. Peak hour capacity will now be increased with the installation of recently arrived cars.<\/p>\n<p>The new line features elevators for persons with disabilities and a podotactyl floor for the visually impaired. Members of Cesmet (the Metro Security Corps) will be available to assist passengers with disabilities.<\/p>\n<p>The new line will serve an estimated 850,000 people. It has capacity to carry 150,000 passengers a day covering 3.6 kilometers in 7 to 8 minutes. In addition the new line has created 120 new jobs. It provides a fast transit solution for those living in the eastern side of Santo Domingo. An estimated two million people live in eastern Santo Domingo and regularly commute to western Santo Domingo (National District).<\/p>\n<p>Opret director Garc\u00eda Saleta took journalists from leading media outlets on a tour of the new line. The new stations are named: Ercilia Pep\u00edn, Rosa Duarte, Trina de Moya and Concepci\u00f3n Bona.<br \/>\nJournalist Marino Zapete on his YouTube Channel observed that President Danilo Medina had already inaugurated the 2B Line on 5 May 2016, two weeks before the 2016 presidential election.<\/p>\n<p>Read more in Spanish:<br \/>\n<a href=\"http:\/\/eldia.com.do\/la-opret-prueba-la-linea-2b-del-metro\/\" target=\"_blank\" rel=\"noopener\">El Dia<\/a><br \/>\n<a href=\"https:\/\/www.diariolibre.com\/noticias\/presidente-danilo-medina-inaugurara-el-proximo-miercoles-la-linea-2b-del-metro-KM10495780\" target=\"_blank\" rel=\"noopener\">Diario Libre<\/a><br \/>\n<a href=\"https:\/\/www.youtube.com\/watch?v=KB54-o1-G7E\" target=\"_blank\" rel=\"noopener\">YouTube <\/a><\/p>\n<p>7 August 2018<\/p>\n","protected":false},"excerpt":{"rendered":"<p>The director for the Office for the Reorganization of Transport (OPRET), Manuel Antonio Saleta Garc\u00eda, announced that Line 2B of the Santo Domingo Metro will be inaugurated by President Danilo Medina on Wednesday, 8 August 2018. Peak hour capacity will now be increased with the installation of recently arrived cars. The new line features elevators &hellip; <\/p>\n<p class=\"link-more\"><a href=\"https:\/\/dr1.com\/news\/2018\/08\/07\/metro-to-be-inaugurated-tomorrow\/\" class=\"more-link\">Read more\u2026<\/a><\/p>\n","protected":false},"author":2,"featured_media":0,"comment_status":"open","ping_status":"closed","sticky":false,"template":"","format":"standard","meta":[],"categories":[22,3],"tags":[],"_links":{"self":[{"href":"https:\/\/dr1.com\/news\/wp-json\/wp\/v2\/posts\/115213"}],"collection":[{"href":"https:\/\/dr1.com\/news\/wp-json\/wp\/v2\/posts"}],"about":[{"href":"https:\/\/dr1.com\/news\/wp-json\/wp\/v2\/types\/post"}],"author":[{"embeddable":true,"href":"https:\/\/dr1.com\/news\/wp-json\/wp\/v2\/users\/2"}],"replies":[{"embeddable":true,"href":"https:\/\/dr1.com\/news\/wp-json\/wp\/v2\/comments?post=115213"}],"version-history":[{"count":0,"href":"https:\/\/dr1.com\/news\/wp-json\/wp\/v2\/posts\/115213\/revisions"}],"wp:attachment":[{"href":"https:\/\/dr1.com\/news\/wp-json\/wp\/v2\/media?parent=115213"}],"wp:term":[{"taxonomy":"category","embeddable":true,"href":"https:\/\/dr1.com\/news\/wp-json\/wp\/v2\/categories?post=115213"},{"taxonomy":"post_tag","embeddable":true,"href":"https:\/\/dr1.com\/news\/wp-json\/wp\/v2\/tags?post=115213"}],"curies":[{"name":"wp","href":"https:\/\/api.w.org\/{rel}","templated":true}]}}