{"id":117983,"date":"2018-10-25T08:04:10","date_gmt":"2018-10-25T12:04:10","guid":{"rendered":"http:\/\/dr1.com\/new\/?p=117983"},"modified":"2018-10-25T08:04:10","modified_gmt":"2018-10-25T12:04:10","slug":"dr-jazz-festival-at-centro-leon","status":"publish","type":"post","link":"https:\/\/dr1.com\/news\/2018\/10\/25\/dr-jazz-festival-at-centro-leon\/","title":{"rendered":"DR Jazz Festival at Centro Le\u00f3n"},"content":{"rendered":"<p><img loading=\"lazy\" class=\"alignleft size-full wp-image-117995\" src=\"http:\/\/dr1.com\/new\/wp-content\/uploads\/2018\/10\/DR-Jazz-Festival-Centro-Le\u00f3n.jpg\" alt=\"\" width=\"300\" height=\"300\" \/>The Le\u00f3n Cultural Center in Santiago is hosting the DR Jazz Festival as part of their 15th anniversary celebrations. The jazz concert is scheduled for Friday, 26 October 2018 at 8pm. Edmar Casta\u00f1eda, Colombian harp player who lives in the United States, will be offering the jazz concert with fusions of different styles and musical genres. The event has the backing of the Fundaci\u00f3n Educativa Dominican Republic Jazz Festival.<\/p>\n<p>On Thursday, 25 October 2018, the Centro Le\u00f3n opened the exhibition of the contenders for the 27th Eduardo Le\u00f3n Jimenes Arts Competition. The participating artists are Baltasar Al\u00ed, Cristian Lora, Eliazar Ortiz, Ernesto Rivera, Guillermo Zouain &amp; Wendy V. Mu\u00f1iz, Jos\u00e9 Morb\u00e1n, Karmadavis, Laura Castro and Madeline Jim\u00e9nez.<\/p>\n<p>Read more in Spanish:<br \/>\n<a href=\"https:\/\/centroleon.org.do\/CL\/actividades\/programa-de-actividades\/4613-dr-jazz-festival-en-el-centro-leon-presentacion-en-vivo\" target=\"_blank\" rel=\"noopener\">Centro Leon<\/a><\/p>\n<p>25 October 2018<\/p>\n","protected":false},"excerpt":{"rendered":"<p>The Le\u00f3n Cultural Center in Santiago is hosting the DR Jazz Festival as part of their 15th anniversary celebrations. The jazz concert is scheduled for Friday, 26 October 2018 at 8pm. Edmar Casta\u00f1eda, Colombian harp player who lives in the United States, will be offering the jazz concert with fusions of different styles and musical &hellip; <\/p>\n<p class=\"link-more\"><a href=\"https:\/\/dr1.com\/news\/2018\/10\/25\/dr-jazz-festival-at-centro-leon\/\" class=\"more-link\">Read more\u2026<\/a><\/p>\n","protected":false},"author":2,"featured_media":0,"comment_status":"open","ping_status":"closed","sticky":false,"template":"","format":"standard","meta":[],"categories":[22,3],"tags":[],"_links":{"self":[{"href":"https:\/\/dr1.com\/news\/wp-json\/wp\/v2\/posts\/117983"}],"collection":[{"href":"https:\/\/dr1.com\/news\/wp-json\/wp\/v2\/posts"}],"about":[{"href":"https:\/\/dr1.com\/news\/wp-json\/wp\/v2\/types\/post"}],"author":[{"embeddable":true,"href":"https:\/\/dr1.com\/news\/wp-json\/wp\/v2\/users\/2"}],"replies":[{"embeddable":true,"href":"https:\/\/dr1.com\/news\/wp-json\/wp\/v2\/comments?post=117983"}],"version-history":[{"count":0,"href":"https:\/\/dr1.com\/news\/wp-json\/wp\/v2\/posts\/117983\/revisions"}],"wp:attachment":[{"href":"https:\/\/dr1.com\/news\/wp-json\/wp\/v2\/media?parent=117983"}],"wp:term":[{"taxonomy":"category","embeddable":true,"href":"https:\/\/dr1.com\/news\/wp-json\/wp\/v2\/categories?post=117983"},{"taxonomy":"post_tag","embeddable":true,"href":"https:\/\/dr1.com\/news\/wp-json\/wp\/v2\/tags?post=117983"}],"curies":[{"name":"wp","href":"https:\/\/api.w.org\/{rel}","templated":true}]}}