{"id":118113,"date":"2018-10-30T08:36:08","date_gmt":"2018-10-30T12:36:08","guid":{"rendered":"http:\/\/dr1.com\/new\/?p=118113"},"modified":"2018-10-30T08:36:08","modified_gmt":"2018-10-30T12:36:08","slug":"president-medina-to-travel-to-china-with-other-leaders","status":"publish","type":"post","link":"https:\/\/dr1.com\/news\/2018\/10\/30\/president-medina-to-travel-to-china-with-other-leaders\/","title":{"rendered":"President Medina to travel to China with other leaders"},"content":{"rendered":"<figure id=\"attachment_118140\" aria-describedby=\"caption-attachment-118140\" style=\"width: 300px\" class=\"wp-caption alignleft\"><img loading=\"lazy\" class=\"size-medium wp-image-118140\" src=\"http:\/\/dr1.com\/new\/wp-content\/uploads\/2018\/10\/Cuba-Dominicana-El-Salvador-to-China-El-Dia-300x169.jpg\" alt=\"\" width=\"300\" height=\"169\" \/><figcaption id=\"caption-attachment-118140\" class=\"wp-caption-text\">Miguel D\u00edaz-Canel , Danilo Medina and Salvador S\u00e1nchez Cer\u00e9n \/ El D\u00eda<\/figcaption><\/figure>\n<p>President Danilo Medina leaves on trip to China on Wednesday, 31 October 2018, for the country\u2019s first official visit to China. He will be one of three regional statesmen to meet with President Xi Jinping of China this coming week. Medina reportedly will be in China on 2 and 3 November for meetings with President Xi Jinping, the Premier of the State Council of the People&#8217;s Republic of China Li Keqiang, and with the president of the Permanent Committee of the National Assembly of the People\u2019s Republic of China, Li Zhanshu among other Chinese authorities.<\/p>\n<p>According to the Chinese Ministry of Foreign Affairs, also present in China during the week of 31 October to 8 November will be the Cuban President Miguel D\u00edaz-Canel and El Salvador President Salvador S\u00e1nchez Cer\u00e9n. The three presidents have been invited by Chinese President Xi Jinping and they are expected to participate in the Global Chinese International Import Fair that will take place in Shanghai from 5 to 10 November.<\/p>\n<p>On President Danilo Medina\u2019s agenda is the opening of the Dominican Embassy in Beijing, a visit to Shenzhen to tour manufacturing plants and a business incubator. Several Medina cabinet ministers will be traveling to China for the signing of cooperation agreements in security, trade, infrastructure, technology, tourism, energy, finance, education and cultural matters.<\/p>\n<p>A large number of local journalists are traveling to China to cover the event. Among journalists that will be covering the event are: Franklin Puello, of El D\u00eda; Mart\u00edn Polanco, El Caribe; Adonis D\u00edaz, Diario Libre; Pedro Castro, El Nacional; Ram\u00f3n P\u00e9rez Reyes, List\u00edn Diario; Eulices Jim\u00e9nez and Alberto Caminero, Grupo Telemicro, and Diego Pesqueira, from Hoy, among others.<\/p>\n<p>Read more in Spanish:<br \/>\n<a href=\"http:\/\/eldia.com.do\/china-anuncia-visitas-de-presidentes-republica-dominicana-cuba-y-el-salvador\/\" target=\"_blank\" rel=\"noopener\">El Dia<\/a><\/p>\n<p>30 October 2018<\/p>\n","protected":false},"excerpt":{"rendered":"<p>President Danilo Medina leaves on trip to China on Wednesday, 31 October 2018, for the country\u2019s first official visit to China. He will be one of three regional statesmen to meet with President Xi Jinping of China this coming week. Medina reportedly will be in China on 2 and 3 November for meetings with President &hellip; <\/p>\n<p class=\"link-more\"><a href=\"https:\/\/dr1.com\/news\/2018\/10\/30\/president-medina-to-travel-to-china-with-other-leaders\/\" class=\"more-link\">Read more\u2026<\/a><\/p>\n","protected":false},"author":2,"featured_media":0,"comment_status":"open","ping_status":"closed","sticky":false,"template":"","format":"standard","meta":[],"categories":[22,3],"tags":[],"_links":{"self":[{"href":"https:\/\/dr1.com\/news\/wp-json\/wp\/v2\/posts\/118113"}],"collection":[{"href":"https:\/\/dr1.com\/news\/wp-json\/wp\/v2\/posts"}],"about":[{"href":"https:\/\/dr1.com\/news\/wp-json\/wp\/v2\/types\/post"}],"author":[{"embeddable":true,"href":"https:\/\/dr1.com\/news\/wp-json\/wp\/v2\/users\/2"}],"replies":[{"embeddable":true,"href":"https:\/\/dr1.com\/news\/wp-json\/wp\/v2\/comments?post=118113"}],"version-history":[{"count":0,"href":"https:\/\/dr1.com\/news\/wp-json\/wp\/v2\/posts\/118113\/revisions"}],"wp:attachment":[{"href":"https:\/\/dr1.com\/news\/wp-json\/wp\/v2\/media?parent=118113"}],"wp:term":[{"taxonomy":"category","embeddable":true,"href":"https:\/\/dr1.com\/news\/wp-json\/wp\/v2\/categories?post=118113"},{"taxonomy":"post_tag","embeddable":true,"href":"https:\/\/dr1.com\/news\/wp-json\/wp\/v2\/tags?post=118113"}],"curies":[{"name":"wp","href":"https:\/\/api.w.org\/{rel}","templated":true}]}}