{"id":118175,"date":"2018-10-31T08:58:24","date_gmt":"2018-10-31T12:58:24","guid":{"rendered":"http:\/\/dr1.com\/new\/?p=118175"},"modified":"2018-10-31T08:58:24","modified_gmt":"2018-10-31T12:58:24","slug":"new-appointments-in-government","status":"publish","type":"post","link":"https:\/\/dr1.com\/news\/2018\/10\/31\/new-appointments-in-government\/","title":{"rendered":"New appointments in government"},"content":{"rendered":"<figure id=\"attachment_118162\" aria-describedby=\"caption-attachment-118162\" style=\"width: 300px\" class=\"wp-caption alignleft\"><img loading=\"lazy\" class=\"size-medium wp-image-118162\" src=\"http:\/\/dr1.com\/new\/wp-content\/uploads\/2018\/10\/Susana-Gautreau-De-Windt-El-Caribe-300x200.jpg\" alt=\"\" width=\"300\" height=\"200\" \/><figcaption id=\"caption-attachment-118162\" class=\"wp-caption-text\">Susana Gautreau De Windt \/ El Caribe<\/figcaption><\/figure>\n<p>President Danilo Medina named Susana Gautreau de Windt as deputy minister of Energy &amp; Mines. Previously she was legal director to the same ministry. Medina also named Cooperstown Hall of Fame\u2019s Vladimir Guerrero as goodwill ambassador. In other appointments, he confirmed Ram\u00f3n N\u00fa\u00f1ez Ram\u00edrez, C\u00e9sar Nicol\u00e1s Penson, Manuel Garc\u00eda Ar\u00e9valo, George Manuel Hazoury, Jos\u00e9 Ricardo Rojas Le\u00f3n and named Jaime David Fern\u00e1ndez Mirabal as the members of the Monetary Board. This by Decree 392-18.<\/p>\n<p>He also named V\u00edctor Guillermo Libr\u00e1n Baez as consul general in Havana, Cuba, replacing Cynthia Vicioso, who had been appointed in May 2009 by Decree 371-09.<\/p>\n<p>By Decree 391-18, Medina also named Joan Manuel Alc\u00e1ntara Javier as adjunct attorney general, replacing Sharon Vanessa Cabral S\u00e1nchez.<\/p>\n<p>Read more in Spanish:<br \/>\n<a href=\"https:\/\/www.diariolibre.com\/noticias\/decretos-confirman-a-jaime-david-y-a-otros-en-la-junta-monetaria-susana-gautreau-vice-ministra-de-energia-y-minas-NF11145008\" target=\"_blank\" rel=\"noopener\">Diario Libre<\/a><\/p>\n<p>31 October 2018<\/p>\n","protected":false},"excerpt":{"rendered":"<p>President Danilo Medina named Susana Gautreau de Windt as deputy minister of Energy &amp; Mines. Previously she was legal director to the same ministry. Medina also named Cooperstown Hall of Fame\u2019s Vladimir Guerrero as goodwill ambassador. In other appointments, he confirmed Ram\u00f3n N\u00fa\u00f1ez Ram\u00edrez, C\u00e9sar Nicol\u00e1s Penson, Manuel Garc\u00eda Ar\u00e9valo, George Manuel Hazoury, Jos\u00e9 Ricardo &hellip; <\/p>\n<p class=\"link-more\"><a href=\"https:\/\/dr1.com\/news\/2018\/10\/31\/new-appointments-in-government\/\" class=\"more-link\">Read more\u2026<\/a><\/p>\n","protected":false},"author":2,"featured_media":0,"comment_status":"open","ping_status":"closed","sticky":false,"template":"","format":"standard","meta":[],"categories":[22,3],"tags":[],"_links":{"self":[{"href":"https:\/\/dr1.com\/news\/wp-json\/wp\/v2\/posts\/118175"}],"collection":[{"href":"https:\/\/dr1.com\/news\/wp-json\/wp\/v2\/posts"}],"about":[{"href":"https:\/\/dr1.com\/news\/wp-json\/wp\/v2\/types\/post"}],"author":[{"embeddable":true,"href":"https:\/\/dr1.com\/news\/wp-json\/wp\/v2\/users\/2"}],"replies":[{"embeddable":true,"href":"https:\/\/dr1.com\/news\/wp-json\/wp\/v2\/comments?post=118175"}],"version-history":[{"count":0,"href":"https:\/\/dr1.com\/news\/wp-json\/wp\/v2\/posts\/118175\/revisions"}],"wp:attachment":[{"href":"https:\/\/dr1.com\/news\/wp-json\/wp\/v2\/media?parent=118175"}],"wp:term":[{"taxonomy":"category","embeddable":true,"href":"https:\/\/dr1.com\/news\/wp-json\/wp\/v2\/categories?post=118175"},{"taxonomy":"post_tag","embeddable":true,"href":"https:\/\/dr1.com\/news\/wp-json\/wp\/v2\/tags?post=118175"}],"curies":[{"name":"wp","href":"https:\/\/api.w.org\/{rel}","templated":true}]}}