{"id":118183,"date":"2018-10-31T09:01:03","date_gmt":"2018-10-31T13:01:03","guid":{"rendered":"http:\/\/dr1.com\/new\/?p=118183"},"modified":"2018-10-31T09:01:03","modified_gmt":"2018-10-31T13:01:03","slug":"cueva-de-las-maravillas-land-to-stay-in-state-hands","status":"publish","type":"post","link":"https:\/\/dr1.com\/news\/2018\/10\/31\/cueva-de-las-maravillas-land-to-stay-in-state-hands\/","title":{"rendered":"Cueva de las Maravillas land to stay in state hands"},"content":{"rendered":"<figure id=\"attachment_118165\" aria-describedby=\"caption-attachment-118165\" style=\"width: 300px\" class=\"wp-caption alignleft\"><img loading=\"lazy\" class=\"size-medium wp-image-118165\" src=\"http:\/\/dr1.com\/new\/wp-content\/uploads\/2018\/10\/Cueva-de-las-Maravillas-Diario-Libre-300x160.jpg\" alt=\"\" width=\"300\" height=\"160\" \/><figcaption id=\"caption-attachment-118165\" class=\"wp-caption-text\">Photo: Diario Libre<\/figcaption><\/figure>\n<p>The Contracts\u2019 Commission for the Chamber of Deputies will present a report critical of the government\u2019s proposal to donate 10,400,000 square meters next to the Cueva de las Maravillas National Park to the Fundaci\u00f3n Cueva de las Maravillas, represented by Julio V\u00edctor Gir\u00e1ldez Casasnovas.<\/p>\n<p>According to PRD deputy H\u00e9ctor Feliz, the commission president, following meetings with the different parties either involved in or impacted by the proposed project, the government has concluded that the land would remain the property of the Dominican state. He added that the report would be sent to the commissions\u2019 department of the Chamber of Deputies before being voted on by the chamber.<\/p>\n<p>Read more in Spanish:<br \/>\n<a href=\"https:\/\/www.diariolibre.com\/noticias\/ciudad\/comision-rechaza-donacion-de-la-cueva-de-las-maravillas-OD11129272\" target=\"_blank\" rel=\"noopener\">Diario Libre<\/a><\/p>\n<p>31 October 2018<\/p>\n","protected":false},"excerpt":{"rendered":"<p>The Contracts\u2019 Commission for the Chamber of Deputies will present a report critical of the government\u2019s proposal to donate 10,400,000 square meters next to the Cueva de las Maravillas National Park to the Fundaci\u00f3n Cueva de las Maravillas, represented by Julio V\u00edctor Gir\u00e1ldez Casasnovas. According to PRD deputy H\u00e9ctor Feliz, the commission president, following meetings &hellip; <\/p>\n<p class=\"link-more\"><a href=\"https:\/\/dr1.com\/news\/2018\/10\/31\/cueva-de-las-maravillas-land-to-stay-in-state-hands\/\" class=\"more-link\">Read more\u2026<\/a><\/p>\n","protected":false},"author":2,"featured_media":0,"comment_status":"open","ping_status":"closed","sticky":false,"template":"","format":"standard","meta":[],"categories":[22,3],"tags":[],"_links":{"self":[{"href":"https:\/\/dr1.com\/news\/wp-json\/wp\/v2\/posts\/118183"}],"collection":[{"href":"https:\/\/dr1.com\/news\/wp-json\/wp\/v2\/posts"}],"about":[{"href":"https:\/\/dr1.com\/news\/wp-json\/wp\/v2\/types\/post"}],"author":[{"embeddable":true,"href":"https:\/\/dr1.com\/news\/wp-json\/wp\/v2\/users\/2"}],"replies":[{"embeddable":true,"href":"https:\/\/dr1.com\/news\/wp-json\/wp\/v2\/comments?post=118183"}],"version-history":[{"count":0,"href":"https:\/\/dr1.com\/news\/wp-json\/wp\/v2\/posts\/118183\/revisions"}],"wp:attachment":[{"href":"https:\/\/dr1.com\/news\/wp-json\/wp\/v2\/media?parent=118183"}],"wp:term":[{"taxonomy":"category","embeddable":true,"href":"https:\/\/dr1.com\/news\/wp-json\/wp\/v2\/categories?post=118183"},{"taxonomy":"post_tag","embeddable":true,"href":"https:\/\/dr1.com\/news\/wp-json\/wp\/v2\/tags?post=118183"}],"curies":[{"name":"wp","href":"https:\/\/api.w.org\/{rel}","templated":true}]}}