{"id":123156,"date":"2019-02-22T09:26:18","date_gmt":"2019-02-22T09:26:18","guid":{"rendered":"https:\/\/dr1.do\/?p=123156"},"modified":"2019-02-22T09:33:59","modified_gmt":"2019-02-22T09:33:59","slug":"juan-luis-guerra-to-sing-for-venezuela","status":"publish","type":"post","link":"https:\/\/dr1.com\/news\/2019\/02\/22\/juan-luis-guerra-to-sing-for-venezuela\/","title":{"rendered":"Juan Luis Guerra to sing for Venezuela"},"content":{"rendered":"\n<div class=\"wp-block-image\"><figure class=\"alignleft is-resized\"><img src=\"https:\/\/dr1.do\/wp-content\/uploads\/2019\/02\/Venezuela-Aid-Live-Concert.png\" alt=\"\" class=\"wp-image-123159\" width=\"300\" srcset=\"https:\/\/dr1.com\/news\/wp-content\/uploads\/2019\/02\/Venezuela-Aid-Live-Concert.png 354w, https:\/\/dr1.com\/news\/wp-content\/uploads\/2019\/02\/Venezuela-Aid-Live-Concert-300x239.png 300w\" sizes=\"(max-width: 354px) 100vw, 354px\" \/><figcaption>Photo: Wikipedia<\/figcaption><\/figure><\/div>\n\n\n\n<p>Dominican contemporary singer, Juan Luis Guerra announces his participation in the Venezuela Aid Live Concert. He will join performers Alesso, Alejandro Sanz, Carlos Baute, Camilo Echeverry, Cholo Valderrama, Gusi, Lele Pons, Luis Fonsi, Maluma, Man\u00e1, Mau y Ricky, Nacho, Paulina Rubio, Reynaldo Armas, Reynaldo Amaroso and Santiago Cruz. <\/p>\n\n\n\n<p>The concert is organized by Richard Branson and will be held on the border between Venezuela and Colombia at C\u00facuta in the Sim\u00f3n Bol\u00edvar Bridge zone known as Tienditas where humanitarian aid is being received. <\/p>\n\n\n\n<p>Read more in Spanish:<br><a href=\"https:\/\/cnnespanol.cnn.com\/2019\/02\/18\/venezuela-aid-live-todo-lo-que-debes-saber-sobre-el-concierto-para-recaudar-ayuda-para-los-venezolanos\/\">CNN&nbsp;Espa\u00f1ol<\/a><\/p>\n\n\n\n<p>21 February 2019<\/p>\n","protected":false},"excerpt":{"rendered":"<p>Dominican contemporary singer, Juan Luis Guerra announces his participation in the Venezuela Aid Live Concert. He will join performers Alesso, Alejandro Sanz, Carlos Baute, Camilo Echeverry, Cholo Valderrama, Gusi, Lele Pons, Luis Fonsi, Maluma, Man\u00e1, Mau y Ricky, Nacho, Paulina Rubio, Reynaldo Armas, Reynaldo Amaroso and Santiago Cruz. The concert is organized by Richard Branson &hellip; <\/p>\n<p class=\"link-more\"><a href=\"https:\/\/dr1.com\/news\/2019\/02\/22\/juan-luis-guerra-to-sing-for-venezuela\/\" class=\"more-link\">Read more\u2026<\/a><\/p>\n","protected":false},"author":2,"featured_media":0,"comment_status":"closed","ping_status":"closed","sticky":false,"template":"","format":"standard","meta":[],"categories":[154,3],"tags":[],"_links":{"self":[{"href":"https:\/\/dr1.com\/news\/wp-json\/wp\/v2\/posts\/123156"}],"collection":[{"href":"https:\/\/dr1.com\/news\/wp-json\/wp\/v2\/posts"}],"about":[{"href":"https:\/\/dr1.com\/news\/wp-json\/wp\/v2\/types\/post"}],"author":[{"embeddable":true,"href":"https:\/\/dr1.com\/news\/wp-json\/wp\/v2\/users\/2"}],"replies":[{"embeddable":true,"href":"https:\/\/dr1.com\/news\/wp-json\/wp\/v2\/comments?post=123156"}],"version-history":[{"count":2,"href":"https:\/\/dr1.com\/news\/wp-json\/wp\/v2\/posts\/123156\/revisions"}],"predecessor-version":[{"id":123160,"href":"https:\/\/dr1.com\/news\/wp-json\/wp\/v2\/posts\/123156\/revisions\/123160"}],"wp:attachment":[{"href":"https:\/\/dr1.com\/news\/wp-json\/wp\/v2\/media?parent=123156"}],"wp:term":[{"taxonomy":"category","embeddable":true,"href":"https:\/\/dr1.com\/news\/wp-json\/wp\/v2\/categories?post=123156"},{"taxonomy":"post_tag","embeddable":true,"href":"https:\/\/dr1.com\/news\/wp-json\/wp\/v2\/tags?post=123156"}],"curies":[{"name":"wp","href":"https:\/\/api.w.org\/{rel}","templated":true}]}}