{"id":123185,"date":"2019-02-25T10:36:07","date_gmt":"2019-02-25T10:36:07","guid":{"rendered":"https:\/\/dr1.do\/?p=123185"},"modified":"2019-02-25T10:36:07","modified_gmt":"2019-02-25T10:36:07","slug":"accountant-named-minister-of-education","status":"publish","type":"post","link":"https:\/\/dr1.com\/news\/2019\/02\/25\/accountant-named-minister-of-education\/","title":{"rendered":"Accountant named Minister of Education"},"content":{"rendered":"\n<p>President Danilo Medina appointed 60-year old accountant Antonio Pe\u00f1a Mirabal his new Minister of Education. He replaces architect Andr\u00e9s Navarro who had resigned to seek the presidential candidacy for the ruling PLD party. At the time of his appointment, Pe\u00f1a Mirabal was the director of the Promese \/CAL program of the government, the low cost pharmacy program. Prior to his appointment to Promese in September 2016, he had been vice minister in charge of finances at the Ministry of Education. <\/p>\n\n\n\n<p>In the same Decree 71-19, President Medina appointed former Santo Domingo mayor, Esm\u00e9rito Antonio (Roberto) Salcedo Gavil\u00e1n, as minister without portfolio for citizen security to replace Franklin Almeyda Rancier. <\/p>\n\n\n\n<p>News commentators say that the 16 changes made purge these positions of persons known to be followers of former President Leonel Fern\u00e1ndez. Fern\u00e1ndez seeks to be the PLD presidential candidate in the 2020 general elections. Franklyn Almeyda was one who promptly thanked Medina for his removal, saying he would now fully dedicate himself to the Fern\u00e1ndez presidential campaign project.  <\/p>\n\n\n\n<p>Others appointed are: Enriquillo Matos to direct Promese\/CAL. Luis Miguel Piccirilo McCabe, director of the State Sugar Council (CEA), replacing Pedro Mota Pacheco. Pedro Mota Pacheco is named governor of the province of San Pedro de Macor\u00eds, replacing Luis Miguel Piccirilo McCabe.<\/p>\n\n\n\n<p>Juan Francisco Caraballo to direct the Fondo Especial para el Desarrollo Agropecuario (FEDA), replacing Jos\u00e9 Casimiro Ramos. Jos\u00e9 Casimiro Ramos is named director of the Instituto Nacional del Tabaco (Intabaco), replacing Juan Francisco Caraballo. <\/p>\n\n\n\n<p>Miguel Mercedes is named manager of the Loter\u00eda Nacional, replacing Jos\u00e9 Francisco Pe\u00f1a Tav\u00e1rez.<\/p>\n\n\n\n<p>Milton Reyes is named rector of the Instituto T\u00e9cnico Comunitario de San Luis (ITSC), replacing V\u00edctor Hugo Del\u00e1ncer. Del\u00e1ncer is named advisor of the ITSC. Rosa Emilia Martes Jim\u00e9nez is appointed vice administrative rector of the ITSC replacing Julio Pe\u00f1a, who had resigned.<\/p>\n\n\n\n<p>Raquel Hern\u00e1ndez is named manager of the Parque de Mirador Santo Domingo Norte replacing Leandro Gonz\u00e1lez Mej\u00eda.<\/p>\n\n\n\n<p>Read more in Spanish:<br><a href=\"https:\/\/www.diariolibre.com\/actualidad\/politica\/antonio-pena-mirabal-el-nuevo-ministro-de-educacion-DF12176234\">Diario\u00a0Libre<\/a><br><a href=\"https:\/\/www.diariolibre.com\/actualidad\/politica\/franklin-almeyda-agradece-a-danilo-el-haberlo-sustituido-GF12176044\">Diario\u00a0Libre<\/a><\/p>\n\n\n\n<p>25 February 2019<\/p>\n","protected":false},"excerpt":{"rendered":"<p>President Danilo Medina appointed 60-year old accountant Antonio Pe\u00f1a Mirabal his new Minister of Education. He replaces architect Andr\u00e9s Navarro who had resigned to seek the presidential candidacy for the ruling PLD party. At the time of his appointment, Pe\u00f1a Mirabal was the director of the Promese \/CAL program of the government, the low cost &hellip; <\/p>\n<p class=\"link-more\"><a href=\"https:\/\/dr1.com\/news\/2019\/02\/25\/accountant-named-minister-of-education\/\" class=\"more-link\">Read more\u2026<\/a><\/p>\n","protected":false},"author":2,"featured_media":0,"comment_status":"closed","ping_status":"closed","sticky":false,"template":"","format":"standard","meta":[],"categories":[154,3],"tags":[],"_links":{"self":[{"href":"https:\/\/dr1.com\/news\/wp-json\/wp\/v2\/posts\/123185"}],"collection":[{"href":"https:\/\/dr1.com\/news\/wp-json\/wp\/v2\/posts"}],"about":[{"href":"https:\/\/dr1.com\/news\/wp-json\/wp\/v2\/types\/post"}],"author":[{"embeddable":true,"href":"https:\/\/dr1.com\/news\/wp-json\/wp\/v2\/users\/2"}],"replies":[{"embeddable":true,"href":"https:\/\/dr1.com\/news\/wp-json\/wp\/v2\/comments?post=123185"}],"version-history":[{"count":1,"href":"https:\/\/dr1.com\/news\/wp-json\/wp\/v2\/posts\/123185\/revisions"}],"predecessor-version":[{"id":123186,"href":"https:\/\/dr1.com\/news\/wp-json\/wp\/v2\/posts\/123185\/revisions\/123186"}],"wp:attachment":[{"href":"https:\/\/dr1.com\/news\/wp-json\/wp\/v2\/media?parent=123185"}],"wp:term":[{"taxonomy":"category","embeddable":true,"href":"https:\/\/dr1.com\/news\/wp-json\/wp\/v2\/categories?post=123185"},{"taxonomy":"post_tag","embeddable":true,"href":"https:\/\/dr1.com\/news\/wp-json\/wp\/v2\/tags?post=123185"}],"curies":[{"name":"wp","href":"https:\/\/api.w.org\/{rel}","templated":true}]}}