{"id":123442,"date":"2019-03-04T14:30:06","date_gmt":"2019-03-04T14:30:06","guid":{"rendered":"https:\/\/dr1.do\/?p=123442"},"modified":"2019-03-05T12:09:02","modified_gmt":"2019-03-05T12:09:02","slug":"covi-quintana-soy-dominicana","status":"publish","type":"post","link":"https:\/\/dr1.com\/news\/2019\/03\/04\/covi-quintana-soy-dominicana\/","title":{"rendered":"Covi Quintana: Soy Dominicana"},"content":{"rendered":"\n<p><\/p>\n\n\n\n<div class=\"wp-block-image\"><figure class=\"alignleft\"><img loading=\"lazy\" width=\"300\" height=\"300\" src=\"https:\/\/dr1.do\/wp-content\/uploads\/2019\/03\/Covi-Quintana-Soy-Dominicana-e1551787015646.jpg\" alt=\"\" class=\"wp-image-123460\"\/><\/figure><\/div>\n\n\n\n<p>On occasion of the 175th Independence Day celebrations on 27 February 2019, a video with a remake of the 2015 song written by songwriter and singer <g class=\"gr_ gr_12 gr-alert gr_spell gr_inline_cards gr_run_anim ContextualSpelling ins-del multiReplace\" id=\"12\" data-gr-id=\"12\">Covi<\/g> Quintana went viral. The video was released as part of the \u201cOrgullo de Mi Tierra\u201d campaign by Centro Cuesta Nacional. This time, Covi Quintana on the guitar was joined by the legendary voices of 18 famous Dominican performers and 42 musicians of the National Symphony Orchestra. The musical directors of the production were Alex Mansilla and Allan Leschorn. <\/p>\n\n\n\n<p>Performing in the video were Covi Quintana, Johnny Ventura, Pavel N\u00fa\u00f1ez, Techy Fatule, Manny Cruz, Milly Quezada, Jochy Santos, Nashla Bogaert, Fefita La Grande, <g class=\"gr_ gr_3 gr-alert gr_spell gr_inline_cards gr_run_anim ContextualSpelling ins-del multiReplace\" id=\"3\" data-gr-id=\"3\">Diomary<\/g> \u201cLa Mala\u201d, Eddy Herrera, Raymond Pozo, Miguel C\u00e9spedes, Los Hermanos Rosario, Luz Garc\u00eda, Frank Ceara, Pedro Mart\u00ednez and Mark B. They invited Dominicans all to look ahead with optimism and pride in the land. <br><\/p>\n\n\n\n<p>The audiovisual was produced by Archie L\u00f3pez and Panamericana de Producciones. <\/p>\n\n\n\n<p>Follow the story:<br><a href=\"https:\/\/www.youtube.com\/watch?v=UGQjJz0aee0&amp;feature=youtu.be\">YouTube<\/a><br><a href=\"https:\/\/www.elcaribe.com.do\/2019\/02\/26\/destacado\/video-centro-cuesta-nacional-presenta-soydominicana-una-mirada-de-optimismo-hacia-la-republica-dominicana\/\">El&nbsp;Caribe<\/a><br><a href=\"https:\/\/www.diariolibre.com\/revista\/musica\/como-surgio-la-cancion-soy-dominicana-covi-quintana-lo-explica-CL12190929\">Diario&nbsp;Libre<\/a><\/p>\n\n\n\n<p>4 March 2019<\/p>\n","protected":false},"excerpt":{"rendered":"<p>On occasion of the 175th Independence Day celebrations on 27 February 2019, a video with a remake of the 2015 song written by songwriter and singer Covi Quintana went viral. The video was released as part of the \u201cOrgullo de Mi Tierra\u201d campaign by Centro Cuesta Nacional. This time, Covi Quintana on the guitar was &hellip; <\/p>\n<p class=\"link-more\"><a href=\"https:\/\/dr1.com\/news\/2019\/03\/04\/covi-quintana-soy-dominicana\/\" class=\"more-link\">Read more\u2026<\/a><\/p>\n","protected":false},"author":2,"featured_media":0,"comment_status":"closed","ping_status":"closed","sticky":false,"template":"","format":"standard","meta":[],"categories":[154,3],"tags":[],"_links":{"self":[{"href":"https:\/\/dr1.com\/news\/wp-json\/wp\/v2\/posts\/123442"}],"collection":[{"href":"https:\/\/dr1.com\/news\/wp-json\/wp\/v2\/posts"}],"about":[{"href":"https:\/\/dr1.com\/news\/wp-json\/wp\/v2\/types\/post"}],"author":[{"embeddable":true,"href":"https:\/\/dr1.com\/news\/wp-json\/wp\/v2\/users\/2"}],"replies":[{"embeddable":true,"href":"https:\/\/dr1.com\/news\/wp-json\/wp\/v2\/comments?post=123442"}],"version-history":[{"count":6,"href":"https:\/\/dr1.com\/news\/wp-json\/wp\/v2\/posts\/123442\/revisions"}],"predecessor-version":[{"id":123475,"href":"https:\/\/dr1.com\/news\/wp-json\/wp\/v2\/posts\/123442\/revisions\/123475"}],"wp:attachment":[{"href":"https:\/\/dr1.com\/news\/wp-json\/wp\/v2\/media?parent=123442"}],"wp:term":[{"taxonomy":"category","embeddable":true,"href":"https:\/\/dr1.com\/news\/wp-json\/wp\/v2\/categories?post=123442"},{"taxonomy":"post_tag","embeddable":true,"href":"https:\/\/dr1.com\/news\/wp-json\/wp\/v2\/tags?post=123442"}],"curies":[{"name":"wp","href":"https:\/\/api.w.org\/{rel}","templated":true}]}}