{"id":125596,"date":"2019-04-25T17:00:27","date_gmt":"2019-04-25T17:00:27","guid":{"rendered":"https:\/\/dr1.do\/?p=125596"},"modified":"2019-04-26T21:37:16","modified_gmt":"2019-04-26T21:37:16","slug":"karla-fatule-stars-in-comedy-at-palacio-de-bellas-artes","status":"publish","type":"post","link":"https:\/\/dr1.com\/news\/2019\/04\/25\/karla-fatule-stars-in-comedy-at-palacio-de-bellas-artes\/","title":{"rendered":"Karla Fatule stars in comedy at Palacio de Bellas Artes"},"content":{"rendered":"\n<div class=\"wp-block-image\"><figure class=\"alignleft is-resized\"><img loading=\"lazy\" src=\"https:\/\/dr1.do\/wp-content\/uploads\/2019\/04\/La-Llamada-1-1024x1024.jpeg\" alt=\"\" class=\"wp-image-125610\" width=\"300\" height=\"300\" srcset=\"https:\/\/dr1.com\/news\/wp-content\/uploads\/2019\/04\/La-Llamada-1-1024x1024.jpeg 1024w, https:\/\/dr1.com\/news\/wp-content\/uploads\/2019\/04\/La-Llamada-1-150x150.jpeg 150w, https:\/\/dr1.com\/news\/wp-content\/uploads\/2019\/04\/La-Llamada-1-300x300.jpeg 300w, https:\/\/dr1.com\/news\/wp-content\/uploads\/2019\/04\/La-Llamada-1-768x768.jpeg 768w, https:\/\/dr1.com\/news\/wp-content\/uploads\/2019\/04\/La-Llamada-1.jpeg 1440w\" sizes=\"(max-width: 300px) 100vw, 300px\" \/><\/figure><\/div>\n\n\n\n<p>Singer and actor Karla Fatule has the lead role as Mar\u00eda Casado in the Spanish comedy-musical \u201cLa Llamada\u201d that opens at the Palacio de Bellas Artes on 16 May. Also staring are singers-actors Junior Lomba, Carolina Rivas, Gracielina Olivero, Jos\u00e9 Llano, Laura Lebr\u00f3n, M\u00e1ximo Mart\u00ednez and Natalie Borsos. <\/p>\n\n\n\n<p>In the past, Fatule has held lead roles in \u201cDreamgirls\u201d in 2011, \u201cWillie 3d\u201d and \u201cSaturday Night Live\u201d in 2015, and \u201cBa\u00f1o de damas\u201d in 2017.<\/p>\n\n\n\n<p>The performance is directed by Mar\u00eda Castillo. Junior Basurto Lomba directs the four-musician band. Costumes, scenography and choreography are by Enmanuel Caama\u00f1o, \u00c1ngela Bernal and Natalie Borsos, respectively. <\/p>\n\n\n\n<p>\u201cLa llamada\u201d is a Spanish musical by Javier Ambrossi and Javier Calvo. It is described as a comedy on faith, friendship, first love, the search for identity, electro-latino and Whitney Houston. It was voted the best-staged drama by Spanish newspaper El Pais readers, and also won 13 Broadway World awards since when it first opened in 2013. <\/p>\n\n\n\n<p>Read more in Spanish:<br><a href=\"https:\/\/www.lallamadaelmusical.es\/el-musical-la-llamada\/\">La&nbsp;Llamada<\/a><br><a href=\"https:\/\/listindiario.com\/entretenimiento\/2019\/04\/24\/562562\/karla-fatule-asume-un-rol-protagonico\">Listin&nbsp;Diario<\/a><\/p>\n\n\n\n<p>25 April 2019<\/p>\n","protected":false},"excerpt":{"rendered":"<p>Singer and actor Karla Fatule has the lead role as Mar\u00eda Casado in the Spanish comedy-musical \u201cLa Llamada\u201d that opens at the Palacio de Bellas Artes on 16 May. Also staring are singers-actors Junior Lomba, Carolina Rivas, Gracielina Olivero, Jos\u00e9 Llano, Laura Lebr\u00f3n, M\u00e1ximo Mart\u00ednez and Natalie Borsos. In the past, Fatule has held lead &hellip; <\/p>\n<p class=\"link-more\"><a href=\"https:\/\/dr1.com\/news\/2019\/04\/25\/karla-fatule-stars-in-comedy-at-palacio-de-bellas-artes\/\" class=\"more-link\">Read more\u2026<\/a><\/p>\n","protected":false},"author":2,"featured_media":0,"comment_status":"closed","ping_status":"closed","sticky":false,"template":"","format":"standard","meta":[],"categories":[154,3],"tags":[],"_links":{"self":[{"href":"https:\/\/dr1.com\/news\/wp-json\/wp\/v2\/posts\/125596"}],"collection":[{"href":"https:\/\/dr1.com\/news\/wp-json\/wp\/v2\/posts"}],"about":[{"href":"https:\/\/dr1.com\/news\/wp-json\/wp\/v2\/types\/post"}],"author":[{"embeddable":true,"href":"https:\/\/dr1.com\/news\/wp-json\/wp\/v2\/users\/2"}],"replies":[{"embeddable":true,"href":"https:\/\/dr1.com\/news\/wp-json\/wp\/v2\/comments?post=125596"}],"version-history":[{"count":3,"href":"https:\/\/dr1.com\/news\/wp-json\/wp\/v2\/posts\/125596\/revisions"}],"predecessor-version":[{"id":125612,"href":"https:\/\/dr1.com\/news\/wp-json\/wp\/v2\/posts\/125596\/revisions\/125612"}],"wp:attachment":[{"href":"https:\/\/dr1.com\/news\/wp-json\/wp\/v2\/media?parent=125596"}],"wp:term":[{"taxonomy":"category","embeddable":true,"href":"https:\/\/dr1.com\/news\/wp-json\/wp\/v2\/categories?post=125596"},{"taxonomy":"post_tag","embeddable":true,"href":"https:\/\/dr1.com\/news\/wp-json\/wp\/v2\/tags?post=125596"}],"curies":[{"name":"wp","href":"https:\/\/api.w.org\/{rel}","templated":true}]}}