{"id":125671,"date":"2019-04-30T16:29:36","date_gmt":"2019-04-30T16:29:36","guid":{"rendered":"https:\/\/dr1.do\/?p=125671"},"modified":"2019-05-01T02:18:53","modified_gmt":"2019-05-01T02:18:53","slug":"samana-cluster-on-developments-for-samana","status":"publish","type":"post","link":"https:\/\/dr1.com\/news\/2019\/04\/30\/samana-cluster-on-developments-for-samana\/","title":{"rendered":"Samana Cluster on developments for Saman\u00e1"},"content":{"rendered":"\n<div class=\"wp-block-image\"><figure class=\"alignleft\"><img loading=\"lazy\" width=\"300\" height=\"300\" src=\"https:\/\/dr1.do\/wp-content\/uploads\/2019\/04\/Jesus-Duran-Haro-Twitter-e1556640458611.jpeg\" alt=\"\" class=\"wp-image-125660\"\/><figcaption>Jes\u00fas Dur\u00e1n Haro \/ Twitter<\/figcaption><\/figure><\/div>\n\n\n\n<p>The president of the Samana Tourism Cluster, Jesus Duran Haro spoke of what\u2019s on the books for the northeastern tourism destination in an interview with El Dia. The cluster gathers the communities of Saman\u00e1 city, the smaller town of S\u00e1nchez and the beach town, Las Terrenas, the municipal districts of El Lim\u00f3n, where the El Lim\u00f3n waterfall attraction is located, the beach destination of Las Galeras and the small community of Arroyo Barril, that is adjacent to a domestic airport. <\/p>\n\n\n\n<p>Dur\u00e1n is also the representative of Grupo Pi\u00f1ero, the Spanish company that owns the Bah\u00eda Pr\u00edncipe hotel chain, the largest hotel operator in Saman\u00e1 province. <\/p>\n\n\n\n<p>Dur\u00e1n spoke of the approval of the construction of road access to Saman\u00e1 city, an investment of RD$300 million in infrastructure for the expropriation of dwellings and land that is necessary to complete the project. He also mentioned the Ministry of Tourism has approved the construction of an amphitheater but city mayors still need to agree on the location. He advanced that the municipality of El Lim\u00f3n has made an offer. Lim\u00f3n is centrally located about the same distance from Las Terrenas, Samana, and closer to Las Galeras and Arroyo Barril. <\/p>\n\n\n\n<p>The Cluster continues to focus on promoting the whale-watching activities (from January to March), excursions to Los Haitises mangroves, caves and jungle, El Lim\u00f3n waterfall and horse riding all year long. Boating is being developed with new installations, such as Puerto Bah\u00eda Saman\u00e1 on the southern side of the province. <\/p>\n\n\n\n<p>Dur\u00e1n Hero explained the destination has 6,500 hotel rooms. He says another 5,000 rooms are under construction. <\/p>\n\n\n\n<p>Read more in Spanish:<br>eldia.com.do\/samana-se-une-para-mostrar-sus-encantos-como-provincia\/<\/p>\n\n\n\n<p>30 April 2019<\/p>\n","protected":false},"excerpt":{"rendered":"<p>The president of the Samana Tourism Cluster, Jesus Duran Haro spoke of what\u2019s on the books for the northeastern tourism destination in an interview with El Dia. The cluster gathers the communities of Saman\u00e1 city, the smaller town of S\u00e1nchez and the beach town, Las Terrenas, the municipal districts of El Lim\u00f3n, where the El &hellip; <\/p>\n<p class=\"link-more\"><a href=\"https:\/\/dr1.com\/news\/2019\/04\/30\/samana-cluster-on-developments-for-samana\/\" class=\"more-link\">Read more\u2026<\/a><\/p>\n","protected":false},"author":2,"featured_media":0,"comment_status":"closed","ping_status":"closed","sticky":false,"template":"","format":"standard","meta":[],"categories":[155,15],"tags":[],"_links":{"self":[{"href":"https:\/\/dr1.com\/news\/wp-json\/wp\/v2\/posts\/125671"}],"collection":[{"href":"https:\/\/dr1.com\/news\/wp-json\/wp\/v2\/posts"}],"about":[{"href":"https:\/\/dr1.com\/news\/wp-json\/wp\/v2\/types\/post"}],"author":[{"embeddable":true,"href":"https:\/\/dr1.com\/news\/wp-json\/wp\/v2\/users\/2"}],"replies":[{"embeddable":true,"href":"https:\/\/dr1.com\/news\/wp-json\/wp\/v2\/comments?post=125671"}],"version-history":[{"count":2,"href":"https:\/\/dr1.com\/news\/wp-json\/wp\/v2\/posts\/125671\/revisions"}],"predecessor-version":[{"id":125718,"href":"https:\/\/dr1.com\/news\/wp-json\/wp\/v2\/posts\/125671\/revisions\/125718"}],"wp:attachment":[{"href":"https:\/\/dr1.com\/news\/wp-json\/wp\/v2\/media?parent=125671"}],"wp:term":[{"taxonomy":"category","embeddable":true,"href":"https:\/\/dr1.com\/news\/wp-json\/wp\/v2\/categories?post=125671"},{"taxonomy":"post_tag","embeddable":true,"href":"https:\/\/dr1.com\/news\/wp-json\/wp\/v2\/tags?post=125671"}],"curies":[{"name":"wp","href":"https:\/\/api.w.org\/{rel}","templated":true}]}}