{"id":125677,"date":"2019-04-30T16:49:15","date_gmt":"2019-04-30T16:49:15","guid":{"rendered":"https:\/\/dr1.do\/?p=125677"},"modified":"2019-05-01T02:21:34","modified_gmt":"2019-05-01T02:21:34","slug":"president-medina-opens-book-fair","status":"publish","type":"post","link":"https:\/\/dr1.com\/news\/2019\/04\/30\/president-medina-opens-book-fair\/","title":{"rendered":"President Medina opens book fair"},"content":{"rendered":"\n<figure class=\"wp-block-image\"><img loading=\"lazy\" width=\"1024\" height=\"574\" src=\"https:\/\/dr1.do\/wp-content\/uploads\/2019\/04\/Book-Fair-opening-El-Dia-1024x574.jpg\" alt=\"\" class=\"wp-image-125678\"\/><figcaption>Photo: El D\u00eda<\/figcaption><\/figure>\n\n\n\n<p>On Saturday, 27 April 2019, President Danilo Medina inaugurated the 22nd International Book Fair in Santo Domingo at the National Theater. The event opened when President Medina cut the ceremonial ribbon in the company of Vice President Margarita Cede\u00f1o; First Lady C\u00e1ndida Montilla; Minister of the Presidency Gustavo Montalvo; Administrative Minister of the Presidency Jos\u00e9 Ram\u00f3n Peralta, among others.<\/p>\n\n\n\n<p>The invited guests of honor were from Puerto Rico and Culture Minister Eduardo Selman highlighted the historic relationship between the two countries including the links of culture, language and history.<\/p>\n\n\n\n<p>He also highlighted the value of the Book Fair that lasts until 5 May and is dedicated to the writer Virgilio D\u00edaz Grull\u00f3n. <\/p>\n\n\n\n<p>Read more in Spanish:<br><a href=\"https:\/\/eldia.com.do\/presidente-danilo-medina-inaugura-la-feria-internacional-del-libro-2019\/\">El&nbsp;Dia<\/a><\/p>\n\n\n\n<p>30 April 2019<\/p>\n","protected":false},"excerpt":{"rendered":"<p>On Saturday, 27 April 2019, President Danilo Medina inaugurated the 22nd International Book Fair in Santo Domingo at the National Theater. The event opened when President Medina cut the ceremonial ribbon in the company of Vice President Margarita Cede\u00f1o; First Lady C\u00e1ndida Montilla; Minister of the Presidency Gustavo Montalvo; Administrative Minister of the Presidency Jos\u00e9 &hellip; <\/p>\n<p class=\"link-more\"><a href=\"https:\/\/dr1.com\/news\/2019\/04\/30\/president-medina-opens-book-fair\/\" class=\"more-link\">Read more\u2026<\/a><\/p>\n","protected":false},"author":2,"featured_media":0,"comment_status":"closed","ping_status":"closed","sticky":false,"template":"","format":"standard","meta":[],"categories":[1],"tags":[],"_links":{"self":[{"href":"https:\/\/dr1.com\/news\/wp-json\/wp\/v2\/posts\/125677"}],"collection":[{"href":"https:\/\/dr1.com\/news\/wp-json\/wp\/v2\/posts"}],"about":[{"href":"https:\/\/dr1.com\/news\/wp-json\/wp\/v2\/types\/post"}],"author":[{"embeddable":true,"href":"https:\/\/dr1.com\/news\/wp-json\/wp\/v2\/users\/2"}],"replies":[{"embeddable":true,"href":"https:\/\/dr1.com\/news\/wp-json\/wp\/v2\/comments?post=125677"}],"version-history":[{"count":2,"href":"https:\/\/dr1.com\/news\/wp-json\/wp\/v2\/posts\/125677\/revisions"}],"predecessor-version":[{"id":125721,"href":"https:\/\/dr1.com\/news\/wp-json\/wp\/v2\/posts\/125677\/revisions\/125721"}],"wp:attachment":[{"href":"https:\/\/dr1.com\/news\/wp-json\/wp\/v2\/media?parent=125677"}],"wp:term":[{"taxonomy":"category","embeddable":true,"href":"https:\/\/dr1.com\/news\/wp-json\/wp\/v2\/categories?post=125677"},{"taxonomy":"post_tag","embeddable":true,"href":"https:\/\/dr1.com\/news\/wp-json\/wp\/v2\/tags?post=125677"}],"curies":[{"name":"wp","href":"https:\/\/api.w.org\/{rel}","templated":true}]}}