{"id":126056,"date":"2019-05-09T20:33:50","date_gmt":"2019-05-09T20:33:50","guid":{"rendered":"https:\/\/dr1.do\/?p=126056"},"modified":"2019-05-10T23:54:34","modified_gmt":"2019-05-10T23:54:34","slug":"state-prosecutors-ready-for-next-phase-of-odebrecht-trial","status":"publish","type":"post","link":"https:\/\/dr1.com\/news\/2019\/05\/09\/state-prosecutors-ready-for-next-phase-of-odebrecht-trial\/","title":{"rendered":"State prosecutors ready for next phase of Odebrecht trial"},"content":{"rendered":"\n<figure class=\"wp-block-image\"><img loading=\"lazy\" width=\"1024\" height=\"789\" src=\"https:\/\/dr1.do\/wp-content\/uploads\/2019\/04\/Francisco-Ortega-El-Dia-1024x789.jpg\" alt=\"\" class=\"wp-image-125079\" srcset=\"https:\/\/dr1.com\/news\/wp-content\/uploads\/2019\/04\/Francisco-Ortega-El-Dia-1024x789.jpg 1024w, https:\/\/dr1.com\/news\/wp-content\/uploads\/2019\/04\/Francisco-Ortega-El-Dia-300x231.jpg 300w, https:\/\/dr1.com\/news\/wp-content\/uploads\/2019\/04\/Francisco-Ortega-El-Dia-768x592.jpg 768w, https:\/\/dr1.com\/news\/wp-content\/uploads\/2019\/04\/Francisco-Ortega-El-Dia-1568x1209.jpg 1568w\" sizes=\"(max-width: 706px) 89vw, (max-width: 767px) 82vw, 740px\" \/><\/figure>\n\n\n\n<p>State prosecutors asked for the commencement of substantive proceedings against the seven accused by the Attorney General Office of accepting US$92 million in bribes from the Odebrecht construction firm. The Attorney General has signed an agreement with Odebrecht in which the latter agreed to pay a US$184 million fine over an eight-year period for its part in the bribery scheme. <\/p>\n\n\n\n<p>Judge Francisco Ortega Polanco says he will announce on 21 June 2019 his decision as to whether there is sufficient evidence for the case to be heard or orders the case to be closed. Defense lawyers have argued the prosecutors have not presented evidence that can be used against their defendants in a court case. <\/p>\n\n\n\n<p>The Supreme Court of Justice case is preparing the case against the seven. These are former Odebrecht representative \u00c1ngel Rond\u00f3n Rijo, former Minister of Public Works V\u00edctor D\u00edaz R\u00faa, legal counsel to D\u00edaz Rua, Conrado Enrique Pittaluga Arzeno, former senators Porfirio Andr\u00e9s Bautista Garc\u00eda and Jes\u00fas Antonio V\u00e1squez Mart\u00ednez, senator Tommy Alberto Gal\u00e1n Grull\u00f3n, former National Aqueduct (Inapa) director Juan Roberto Rodr\u00edguez Hern\u00e1ndez, is being heard by the Supreme Court of Justice.<\/p>\n\n\n\n<p>The case resumes after the SCJ did not accept a recusal of the judge petitioned by the lawyers of Conrado Pittaluga on 22 April 2019. The lawyers petitioned the recusal after the judge refused a request to order the telecom company to share information on the taping of a telephone of one of the sons of the accused who is part of his defense counsel. <\/p>\n\n\n\n<p>In the past two weeks, the main defendant in the case, Rond\u00f3n, has been active in local radio and TV talk shows presenting his position that there is no evidence for the case to be tried. He argues that it is just politics. <\/p>\n\n\n\n<p>Rond\u00f3n says he was never a middleman for Odebecht. He has said the payments he has received were for his services as the Brazilian construction company\u2019s representative in the country. The US Department of the Treasury in 2017 ordered the removal of the US visa and blocking of property of Rond\u00f3n and several relatives for serious corruption as under the Global Magnitsky Executive Order recourse. <\/p>\n\n\n\n<p>Read more in Spanish:<br><a href=\"http:\/\/z101digital.com\/mp-sobre-caso-odebrecht-todos-absolutamente-todos-deben-ir-a-juicio-de-fondo\/\">Z101<\/a><br><a href=\"http:\/\/z101digital.com\/juez-ortega-reanuda-manana-audiencia-contra-imputados-por-caso-odebrecht\/\">Z101<\/a><br><a href=\"https:\/\/do.usembassy.gov\/united-states-government-takes-actions-related-human-rights-corruption\/\">US&nbsp;Embassy<\/a><br><a href=\"https:\/\/www.treasury.gov\/resource-center\/sanctions\/OFAC-Enforcement\/Pages\/20171221.aspx#.WjvSeRrsOV4.twitter\">US Treasury<\/a><br><a href=\"https:\/\/colorvision.com.do\/este-sabado-exclusiva-con-angel-rondon-enfasis-0600pm\/\">ColorVision<\/a><br><a href=\"https:\/\/listindiario.com\/la-republica\/2019\/05\/09\/564659\/entra-a-etapa-final-el-juicio-preliminar-por-sobornos-de-odebrecht\">Listin Diario<\/a><br><a href=\"https:\/\/www.haciendonoticias.com\/index.php\/2019\/05\/09\/expectativas-sobre-decision-juez-caso-odebrecht-juicio-o-no-ha-lugar\/\">Haciendo&nbsp;Noticias<\/a><\/p>\n\n\n\n<p>9 May 2019<\/p>\n","protected":false},"excerpt":{"rendered":"<p>State prosecutors asked for the commencement of substantive proceedings against the seven accused by the Attorney General Office of accepting US$92 million in bribes from the Odebrecht construction firm. The Attorney General has signed an agreement with Odebrecht in which the latter agreed to pay a US$184 million fine over an eight-year period for its &hellip; <\/p>\n<p class=\"link-more\"><a href=\"https:\/\/dr1.com\/news\/2019\/05\/09\/state-prosecutors-ready-for-next-phase-of-odebrecht-trial\/\" class=\"more-link\">Read more\u2026<\/a><\/p>\n","protected":false},"author":2,"featured_media":0,"comment_status":"closed","ping_status":"closed","sticky":false,"template":"","format":"standard","meta":[],"categories":[154,3],"tags":[],"_links":{"self":[{"href":"https:\/\/dr1.com\/news\/wp-json\/wp\/v2\/posts\/126056"}],"collection":[{"href":"https:\/\/dr1.com\/news\/wp-json\/wp\/v2\/posts"}],"about":[{"href":"https:\/\/dr1.com\/news\/wp-json\/wp\/v2\/types\/post"}],"author":[{"embeddable":true,"href":"https:\/\/dr1.com\/news\/wp-json\/wp\/v2\/users\/2"}],"replies":[{"embeddable":true,"href":"https:\/\/dr1.com\/news\/wp-json\/wp\/v2\/comments?post=126056"}],"version-history":[{"count":3,"href":"https:\/\/dr1.com\/news\/wp-json\/wp\/v2\/posts\/126056\/revisions"}],"predecessor-version":[{"id":126087,"href":"https:\/\/dr1.com\/news\/wp-json\/wp\/v2\/posts\/126056\/revisions\/126087"}],"wp:attachment":[{"href":"https:\/\/dr1.com\/news\/wp-json\/wp\/v2\/media?parent=126056"}],"wp:term":[{"taxonomy":"category","embeddable":true,"href":"https:\/\/dr1.com\/news\/wp-json\/wp\/v2\/categories?post=126056"},{"taxonomy":"post_tag","embeddable":true,"href":"https:\/\/dr1.com\/news\/wp-json\/wp\/v2\/tags?post=126056"}],"curies":[{"name":"wp","href":"https:\/\/api.w.org\/{rel}","templated":true}]}}