{"id":127821,"date":"2019-06-24T12:50:58","date_gmt":"2019-06-24T12:50:58","guid":{"rendered":"https:\/\/dr1.do\/?p=127821"},"modified":"2019-06-24T23:49:35","modified_gmt":"2019-06-24T23:49:35","slug":"127821","status":"publish","type":"post","link":"https:\/\/dr1.com\/news\/2019\/06\/24\/127821\/","title":{"rendered":"Blas Olivo murderers get 30 and 20-year sentences"},"content":{"rendered":"\n<div class=\"wp-block-image\"><figure class=\"alignleft is-resized\"><img loading=\"lazy\" src=\"https:\/\/dr1.do\/wp-content\/uploads\/2019\/06\/Blas-Olivo-Listin-Diario.jpeg\" alt=\"\" class=\"wp-image-127837\" width=\"300\" height=\"300\" srcset=\"https:\/\/dr1.com\/news\/wp-content\/uploads\/2019\/06\/Blas-Olivo-Listin-Diario.jpeg 460w, https:\/\/dr1.com\/news\/wp-content\/uploads\/2019\/06\/Blas-Olivo-Listin-Diario-150x150.jpeg 150w, https:\/\/dr1.com\/news\/wp-content\/uploads\/2019\/06\/Blas-Olivo-Listin-Diario-300x300.jpeg 300w\" sizes=\"(max-width: 300px) 100vw, 300px\" \/><\/figure><\/div>\n\n\n\n<p>The Collegiate Court of Monsignor Nouel (Bonao) sentenced Jos\u00e9 Radham\u00e9s Lorenzo to the maximum sentence of 30 years in prison for the murder of journalist Blas Olivo on 12 April 2015. In the same case, Joel Pe\u00f1a Rodr\u00edguez, Iv\u00e1n Eliceo de Le\u00f3n Ram\u00f3n, Jos\u00e9 Manuel Vargas Rodr\u00edguez, Draily Francisco V\u00e1squez and Wilmer de Jes\u00fas Camacho were sentenced to 20 years in prison.<\/p>\n\n\n\n<p>The group was found guilty of criminal association, voluntary homicide, aggravated robbery, crime followed by another crime, and illegal carrying and possession of weapons.<\/p>\n\n\n\n<p>Olivo was shot several times after being intercepted by the accused. His body was found in the community of Piedra Blanca, in the province of Monse\u00f1or Nouel, after being reported missing. The vehicle was found later abandoned on a farm off the road to La Vega. <\/p>\n\n\n\n<p>Read more in Spanish:<br><a href=\"https:\/\/pgr.gob.do\/2019\/06\/21\/jean-rodriguez-afirma-sentencia-a-30-y-20-anos-de-prision-por-asesinato-periodista-blas-olivo-es-muestra-de-compromiso-en-lucha-contra-el-crimen\/\">Attorney General Office<\/a><br><a href=\"https:\/\/listindiario.com\/la-republica\/2019\/06\/21\/570895\/condenan-a-30-y-20-anos-de-prision-a-implicados-en-asesinato-del-periodista-blas-olivo\">Listin Diario<\/a><\/p>\n\n\n\n<p>24 June 2019<\/p>\n","protected":false},"excerpt":{"rendered":"<p>The Collegiate Court of Monsignor Nouel (Bonao) sentenced Jos\u00e9 Radham\u00e9s Lorenzo to the maximum sentence of 30 years in prison for the murder of journalist Blas Olivo on 12 April 2015. In the same case, Joel Pe\u00f1a Rodr\u00edguez, Iv\u00e1n Eliceo de Le\u00f3n Ram\u00f3n, Jos\u00e9 Manuel Vargas Rodr\u00edguez, Draily Francisco V\u00e1squez and Wilmer de Jes\u00fas Camacho &hellip; <\/p>\n<p class=\"link-more\"><a href=\"https:\/\/dr1.com\/news\/2019\/06\/24\/127821\/\" class=\"more-link\">Read more\u2026<\/a><\/p>\n","protected":false},"author":2,"featured_media":0,"comment_status":"closed","ping_status":"closed","sticky":false,"template":"","format":"standard","meta":[],"categories":[154,3],"tags":[],"_links":{"self":[{"href":"https:\/\/dr1.com\/news\/wp-json\/wp\/v2\/posts\/127821"}],"collection":[{"href":"https:\/\/dr1.com\/news\/wp-json\/wp\/v2\/posts"}],"about":[{"href":"https:\/\/dr1.com\/news\/wp-json\/wp\/v2\/types\/post"}],"author":[{"embeddable":true,"href":"https:\/\/dr1.com\/news\/wp-json\/wp\/v2\/users\/2"}],"replies":[{"embeddable":true,"href":"https:\/\/dr1.com\/news\/wp-json\/wp\/v2\/comments?post=127821"}],"version-history":[{"count":3,"href":"https:\/\/dr1.com\/news\/wp-json\/wp\/v2\/posts\/127821\/revisions"}],"predecessor-version":[{"id":127838,"href":"https:\/\/dr1.com\/news\/wp-json\/wp\/v2\/posts\/127821\/revisions\/127838"}],"wp:attachment":[{"href":"https:\/\/dr1.com\/news\/wp-json\/wp\/v2\/media?parent=127821"}],"wp:term":[{"taxonomy":"category","embeddable":true,"href":"https:\/\/dr1.com\/news\/wp-json\/wp\/v2\/categories?post=127821"},{"taxonomy":"post_tag","embeddable":true,"href":"https:\/\/dr1.com\/news\/wp-json\/wp\/v2\/tags?post=127821"}],"curies":[{"name":"wp","href":"https:\/\/api.w.org\/{rel}","templated":true}]}}