{"id":127935,"date":"2019-06-26T12:33:31","date_gmt":"2019-06-26T12:33:31","guid":{"rendered":"https:\/\/dr1.do\/?p=127935"},"modified":"2019-06-27T20:30:40","modified_gmt":"2019-06-27T20:30:40","slug":"fire-in-downtown-center","status":"publish","type":"post","link":"https:\/\/dr1.com\/news\/2019\/06\/26\/fire-in-downtown-center\/","title":{"rendered":"Fire in Downtown Center"},"content":{"rendered":"\n<div class=\"wp-block-image\"><figure class=\"alignleft is-resized\"><img loading=\"lazy\" src=\"https:\/\/dr1.do\/wp-content\/uploads\/2019\/06\/Fire-at-Downtown-Center-Listin-Diario.jpeg\" alt=\"\" class=\"wp-image-127945\" width=\"226\" height=\"300\" srcset=\"https:\/\/dr1.com\/news\/wp-content\/uploads\/2019\/06\/Fire-at-Downtown-Center-Listin-Diario.jpeg 345w, https:\/\/dr1.com\/news\/wp-content\/uploads\/2019\/06\/Fire-at-Downtown-Center-Listin-Diario-225x300.jpeg 225w\" sizes=\"(max-width: 226px) 100vw, 226px\" \/><\/figure><\/div>\n\n\n\n<p>On the morning of Tuesday, 25 June 2019 a fire affected operations of the Downtown Center Mall, at the intersection of N\u00fa\u00f1ez de C\u00e1ceres and R\u00f3mulo Betancourt Avenues. The fire that began in the P.F. Chang&#8217;s Restaurant on the first floor was quickly brought under control by firefighting brigades. <\/p>\n\n\n\n<p>In prevention, though, in the morning, the plaza was evacuated. Employees and visitors waited outside, along with a large crowd of curious onlookers. By the afternoon all businesses had reopened. <\/p>\n\n\n\n<p>Downtown Center issued a press release in the morning saying that they would remain closed for several hours, and confirmed that there had been no one was injured and there was no material damage. <\/p>\n\n\n\n<p>Read more in Spanish:<br><a href=\"http:\/\/hoy.com.do\/comunicado-de-downtown-center-sobre-incendio-en-sus-instalaciones\/\">Hoy<\/a><br><a href=\"https:\/\/listindiario.com\/la-republica\/2019\/06\/25\/571360\/se-registra-incendio-en-el-centro-comercial-downtown-center\">Listin Diario<\/a><br><a href=\"https:\/\/elnacional.com.do\/fuego-en-centro-comercial-dn-no-deja-lesionados\/\">El Nacional<\/a><\/p>\n\n\n\n<p>26 June 2019<\/p>\n","protected":false},"excerpt":{"rendered":"<p>On the morning of Tuesday, 25 June 2019 a fire affected operations of the Downtown Center Mall, at the intersection of N\u00fa\u00f1ez de C\u00e1ceres and R\u00f3mulo Betancourt Avenues. The fire that began in the P.F. Chang&#8217;s Restaurant on the first floor was quickly brought under control by firefighting brigades. In prevention, though, in the morning, &hellip; <\/p>\n<p class=\"link-more\"><a href=\"https:\/\/dr1.com\/news\/2019\/06\/26\/fire-in-downtown-center\/\" class=\"more-link\">Read more\u2026<\/a><\/p>\n","protected":false},"author":2,"featured_media":0,"comment_status":"closed","ping_status":"closed","sticky":false,"template":"","format":"standard","meta":[],"categories":[154,3],"tags":[],"_links":{"self":[{"href":"https:\/\/dr1.com\/news\/wp-json\/wp\/v2\/posts\/127935"}],"collection":[{"href":"https:\/\/dr1.com\/news\/wp-json\/wp\/v2\/posts"}],"about":[{"href":"https:\/\/dr1.com\/news\/wp-json\/wp\/v2\/types\/post"}],"author":[{"embeddable":true,"href":"https:\/\/dr1.com\/news\/wp-json\/wp\/v2\/users\/2"}],"replies":[{"embeddable":true,"href":"https:\/\/dr1.com\/news\/wp-json\/wp\/v2\/comments?post=127935"}],"version-history":[{"count":2,"href":"https:\/\/dr1.com\/news\/wp-json\/wp\/v2\/posts\/127935\/revisions"}],"predecessor-version":[{"id":127946,"href":"https:\/\/dr1.com\/news\/wp-json\/wp\/v2\/posts\/127935\/revisions\/127946"}],"wp:attachment":[{"href":"https:\/\/dr1.com\/news\/wp-json\/wp\/v2\/media?parent=127935"}],"wp:term":[{"taxonomy":"category","embeddable":true,"href":"https:\/\/dr1.com\/news\/wp-json\/wp\/v2\/categories?post=127935"},{"taxonomy":"post_tag","embeddable":true,"href":"https:\/\/dr1.com\/news\/wp-json\/wp\/v2\/tags?post=127935"}],"curies":[{"name":"wp","href":"https:\/\/api.w.org\/{rel}","templated":true}]}}