{"id":128501,"date":"2019-07-11T12:51:47","date_gmt":"2019-07-11T12:51:47","guid":{"rendered":"https:\/\/dr1.do\/?p=128501"},"modified":"2019-07-11T16:49:06","modified_gmt":"2019-07-11T16:49:06","slug":"will-anyone-go-to-jail-at-the-national-theater","status":"publish","type":"post","link":"https:\/\/dr1.com\/news\/2019\/07\/11\/will-anyone-go-to-jail-at-the-national-theater\/","title":{"rendered":"\u201cWill Anyone Go to Jail?\u201d at the National Theater"},"content":{"rendered":"\n<figure class=\"wp-block-image\"><img loading=\"lazy\" width=\"696\" height=\"569\" src=\"https:\/\/dr1.do\/wp-content\/uploads\/2019\/07\/Quien-ira-a-la-carcer-Proceso.png\" alt=\"\" class=\"wp-image-128515\" srcset=\"https:\/\/dr1.com\/news\/wp-content\/uploads\/2019\/07\/Quien-ira-a-la-carcer-Proceso.png 696w, https:\/\/dr1.com\/news\/wp-content\/uploads\/2019\/07\/Quien-ira-a-la-carcer-Proceso-300x245.png 300w\" sizes=\"(max-width: 696px) 100vw, 696px\" \/><\/figure>\n\n\n\n<p>Starring Jos\u00e9 Roberto D\u00edaz, Brian Delena, Gianni Paulino, Amauris Perez and Exmin Carvajal, \u201cQui\u00e9n ir\u00e1 a la c\u00e1rcel\u201d (7 A\u00f1os) continues at the Sala Ravelo of the National Theater on 12, 13, and 14 July and then 19, 20, 21 July 2019. The play is by Jos\u00e9 Cabezas and Julia Fontana based on a Netflix movie. It tells the story of four business partners accused of tax evasion and what they are capable of doing to not go to jail. <\/p>\n\n\n\n<p>The play is a benefit for the Fundaci\u00f3n Manos Arrugadas that helps senior citizens. Shows are at 8:30pm on Fridays and Saturdays, and at 6:30pm on Sundays. Tickets are RD$1,300 and are for sale online at Uepa Tickets for at CCN Servicios, Supermercados Nacional and Jumbo stores. <\/p>\n\n\n\n<p>Read more in Spanish:<br><a href=\"https:\/\/proceso.com.do\/2019\/07\/06\/se-presenta-con-exito-obra-teatral-7-anos\/\">Proceso<\/a><\/p>\n\n\n\n<p>11 July 2019 <\/p>\n","protected":false},"excerpt":{"rendered":"<p>Starring Jos\u00e9 Roberto D\u00edaz, Brian Delena, Gianni Paulino, Amauris Perez and Exmin Carvajal, \u201cQui\u00e9n ir\u00e1 a la c\u00e1rcel\u201d (7 A\u00f1os) continues at the Sala Ravelo of the National Theater on 12, 13, and 14 July and then 19, 20, 21 July 2019. The play is by Jos\u00e9 Cabezas and Julia Fontana based on a Netflix &hellip; <\/p>\n<p class=\"link-more\"><a href=\"https:\/\/dr1.com\/news\/2019\/07\/11\/will-anyone-go-to-jail-at-the-national-theater\/\" class=\"more-link\">Read more\u2026<\/a><\/p>\n","protected":false},"author":2,"featured_media":0,"comment_status":"closed","ping_status":"closed","sticky":false,"template":"","format":"standard","meta":[],"categories":[154,3],"tags":[],"_links":{"self":[{"href":"https:\/\/dr1.com\/news\/wp-json\/wp\/v2\/posts\/128501"}],"collection":[{"href":"https:\/\/dr1.com\/news\/wp-json\/wp\/v2\/posts"}],"about":[{"href":"https:\/\/dr1.com\/news\/wp-json\/wp\/v2\/types\/post"}],"author":[{"embeddable":true,"href":"https:\/\/dr1.com\/news\/wp-json\/wp\/v2\/users\/2"}],"replies":[{"embeddable":true,"href":"https:\/\/dr1.com\/news\/wp-json\/wp\/v2\/comments?post=128501"}],"version-history":[{"count":2,"href":"https:\/\/dr1.com\/news\/wp-json\/wp\/v2\/posts\/128501\/revisions"}],"predecessor-version":[{"id":128516,"href":"https:\/\/dr1.com\/news\/wp-json\/wp\/v2\/posts\/128501\/revisions\/128516"}],"wp:attachment":[{"href":"https:\/\/dr1.com\/news\/wp-json\/wp\/v2\/media?parent=128501"}],"wp:term":[{"taxonomy":"category","embeddable":true,"href":"https:\/\/dr1.com\/news\/wp-json\/wp\/v2\/categories?post=128501"},{"taxonomy":"post_tag","embeddable":true,"href":"https:\/\/dr1.com\/news\/wp-json\/wp\/v2\/tags?post=128501"}],"curies":[{"name":"wp","href":"https:\/\/api.w.org\/{rel}","templated":true}]}}