{"id":128969,"date":"2019-07-24T13:03:52","date_gmt":"2019-07-24T13:03:52","guid":{"rendered":"https:\/\/dr1.do\/?p=128969"},"modified":"2019-07-25T12:50:07","modified_gmt":"2019-07-25T12:50:07","slug":"will-it-be-margarita-and-gonzalo","status":"publish","type":"post","link":"https:\/\/dr1.com\/news\/2019\/07\/24\/will-it-be-margarita-and-gonzalo\/","title":{"rendered":"Will it be Margarita and Gonzalo?"},"content":{"rendered":"\n<figure class=\"wp-block-image\"><img loading=\"lazy\" width=\"600\" height=\"389\" src=\"https:\/\/dr1.do\/wp-content\/uploads\/2019\/07\/Gonzalo-y-Margarita-fuentes-externas.png\" alt=\"\" class=\"wp-image-129009\" srcset=\"https:\/\/dr1.com\/news\/wp-content\/uploads\/2019\/07\/Gonzalo-y-Margarita-fuentes-externas.png 600w, https:\/\/dr1.com\/news\/wp-content\/uploads\/2019\/07\/Gonzalo-y-Margarita-fuentes-externas-300x195.png 300w\" sizes=\"(max-width: 600px) 100vw, 600px\" \/><\/figure>\n\n\n\n<p>Sociologist Olaya Dotel doubts that Vice President Margarita Cede\u00f1o will compete against her husband, former President Leonel Fern\u00e1ndez in the Dominican Liberation Party (PLD) primary on 6 October 2019.  Cede\u00f1o is a two-term Vice President under the administration of President Danilo Medina. <\/p>\n\n\n\n<p>Circulating on social media is the possible candidacy of Vice President Cede\u00f1o for the PLD candidacy. Her vice presidential choice would be close collaborator and trusted Medina follower, Public Works Minister Gonzalo Castillo. <\/p>\n\n\n\n<p>The followers of Vice President Cede\u00f1o are promoting her as the &#8220;new blood&#8221; that President Danilo Medina said he would be backing for the 2020 presidential election. <\/p>\n\n\n\n<p>Vice President Cede\u00f1o early on announced her aspirations to be the middle person to harmonize the ambitions of President Danilo Medina and her husband, former President Leonel Fern\u00e1ndez. Gonzalo Castillo had been one of the most vocal advocates for the third term of President Danilo Medina. <\/p>\n\n\n\n<p>Read more in Spanish:<br><a href=\"https:\/\/www.diariolibre.com\/actualidad\/politica\/promueven-en-redes-sociales-a-margarita-y-a-gonzalo-como-opciones-para-el-2020-MO13485797\">Diario Libre<\/a><\/p>\n\n\n\n<p>24 July 2019<\/p>\n","protected":false},"excerpt":{"rendered":"<p>Sociologist Olaya Dotel doubts that Vice President Margarita Cede\u00f1o will compete against her husband, former President Leonel Fern\u00e1ndez in the Dominican Liberation Party (PLD) primary on 6 October 2019. Cede\u00f1o is a two-term Vice President under the administration of President Danilo Medina. Circulating on social media is the possible candidacy of Vice President Cede\u00f1o for &hellip; <\/p>\n<p class=\"link-more\"><a href=\"https:\/\/dr1.com\/news\/2019\/07\/24\/will-it-be-margarita-and-gonzalo\/\" class=\"more-link\">Read more\u2026<\/a><\/p>\n","protected":false},"author":2,"featured_media":0,"comment_status":"closed","ping_status":"closed","sticky":false,"template":"","format":"standard","meta":[],"categories":[154,3],"tags":[],"_links":{"self":[{"href":"https:\/\/dr1.com\/news\/wp-json\/wp\/v2\/posts\/128969"}],"collection":[{"href":"https:\/\/dr1.com\/news\/wp-json\/wp\/v2\/posts"}],"about":[{"href":"https:\/\/dr1.com\/news\/wp-json\/wp\/v2\/types\/post"}],"author":[{"embeddable":true,"href":"https:\/\/dr1.com\/news\/wp-json\/wp\/v2\/users\/2"}],"replies":[{"embeddable":true,"href":"https:\/\/dr1.com\/news\/wp-json\/wp\/v2\/comments?post=128969"}],"version-history":[{"count":2,"href":"https:\/\/dr1.com\/news\/wp-json\/wp\/v2\/posts\/128969\/revisions"}],"predecessor-version":[{"id":129010,"href":"https:\/\/dr1.com\/news\/wp-json\/wp\/v2\/posts\/128969\/revisions\/129010"}],"wp:attachment":[{"href":"https:\/\/dr1.com\/news\/wp-json\/wp\/v2\/media?parent=128969"}],"wp:term":[{"taxonomy":"category","embeddable":true,"href":"https:\/\/dr1.com\/news\/wp-json\/wp\/v2\/categories?post=128969"},{"taxonomy":"post_tag","embeddable":true,"href":"https:\/\/dr1.com\/news\/wp-json\/wp\/v2\/tags?post=128969"}],"curies":[{"name":"wp","href":"https:\/\/api.w.org\/{rel}","templated":true}]}}