{"id":130882,"date":"2019-09-11T12:33:34","date_gmt":"2019-09-11T12:33:34","guid":{"rendered":"http:\/\/ny1.dr1.com.do\/wordpress\/?p=130882"},"modified":"2019-09-11T16:58:15","modified_gmt":"2019-09-11T16:58:15","slug":"five-pld-presidential-pre-candidates-to-compete-in-the-primaries","status":"publish","type":"post","link":"https:\/\/dr1.com\/news\/2019\/09\/11\/five-pld-presidential-pre-candidates-to-compete-in-the-primaries\/","title":{"rendered":"Five PLD presidential pre-candidates to compete in the primaries"},"content":{"rendered":"\n<figure class=\"wp-block-image\"><img loading=\"lazy\" width=\"546\" height=\"350\" src=\"https:\/\/dr1.com\/wordpress\/wp-content\/uploads\/2019\/09\/Leonel-and-Gonzalo-Diario-Libre.jpg\" alt=\"\" class=\"wp-image-130924\" srcset=\"https:\/\/dr1.com\/news\/wp-content\/uploads\/2019\/09\/Leonel-and-Gonzalo-Diario-Libre.jpg 546w, https:\/\/dr1.com\/news\/wp-content\/uploads\/2019\/09\/Leonel-and-Gonzalo-Diario-Libre-300x192.jpg 300w\" sizes=\"(max-width: 546px) 100vw, 546px\" \/><figcaption>Leonel Fernandez and Gonzalo Castillo \/ Diario Libre<\/figcaption><\/figure>\n\n\n\n<p>Lidio Cadet, the coordinator of the National Electoral Commission of the Dominican Liberation Party (PLD), says there will be five participants in the party primary on 6 October 2019. These are Leonel Fern\u00e1ndez, Gonzalo Castillo, Manuel Crespo, Maritza Hern\u00e1ndez and Melanio Paredes. <\/p>\n\n\n\n<p>Four pre-candidates have now resigned. These are Tem\u00edstocles Mont\u00e1s, Andr\u00e9s Navarro, Radham\u00e9s Segura and Francisco Dom\u00ednguez Brito. <\/p>\n\n\n\n<p>Read more in Spanish:<br><a href=\"https:\/\/www.diariolibre.com\/actualidad\/politica\/ademas-de-gonzalo-y-leonel-otros-tres-precandidatos-participaran-en-las-primarias-del-pld-HN14089806\">Diario Libre<\/a><br><a href=\"https:\/\/hoy.com.do\/hoy-vence-plazo-de-cambios-en-listas-de-aspirantes\/\">Hoy<\/a><br><a href=\"https:\/\/n.com.do\/2019\/09\/10\/gonzalo-tras-el-apoyo-de-los-exprecandidatos-presidenciales-danilistas\/\">N Digital<\/a><br><a href=\"https:\/\/www.elcaribe.com.do\/2019\/09\/10\/pld-deposita-en-la-junta-la-renuncia-de-seis-precandidatos-presidenciales\/\">El Caribe<\/a><br><a href=\"https:\/\/n.com.do\/2019\/09\/10\/aspirantes-presidenciales-del-pld-se-reducen-de-11-a-5\/\">N Digital<\/a><\/p>\n\n\n\n<p>11 September 2019<\/p>\n","protected":false},"excerpt":{"rendered":"<p>Lidio Cadet, the coordinator of the National Electoral Commission of the Dominican Liberation Party (PLD), says there will be five participants in the party primary on 6 October 2019. These are Leonel Fern\u00e1ndez, Gonzalo Castillo, Manuel Crespo, Maritza Hern\u00e1ndez and Melanio Paredes. Four pre-candidates have now resigned. These are Tem\u00edstocles Mont\u00e1s, Andr\u00e9s Navarro, Radham\u00e9s Segura &hellip; <\/p>\n<p class=\"link-more\"><a href=\"https:\/\/dr1.com\/news\/2019\/09\/11\/five-pld-presidential-pre-candidates-to-compete-in-the-primaries\/\" class=\"more-link\">Read more\u2026<\/a><\/p>\n","protected":false},"author":2,"featured_media":0,"comment_status":"closed","ping_status":"closed","sticky":false,"template":"","format":"standard","meta":[],"categories":[154,3],"tags":[],"_links":{"self":[{"href":"https:\/\/dr1.com\/news\/wp-json\/wp\/v2\/posts\/130882"}],"collection":[{"href":"https:\/\/dr1.com\/news\/wp-json\/wp\/v2\/posts"}],"about":[{"href":"https:\/\/dr1.com\/news\/wp-json\/wp\/v2\/types\/post"}],"author":[{"embeddable":true,"href":"https:\/\/dr1.com\/news\/wp-json\/wp\/v2\/users\/2"}],"replies":[{"embeddable":true,"href":"https:\/\/dr1.com\/news\/wp-json\/wp\/v2\/comments?post=130882"}],"version-history":[{"count":3,"href":"https:\/\/dr1.com\/news\/wp-json\/wp\/v2\/posts\/130882\/revisions"}],"predecessor-version":[{"id":130926,"href":"https:\/\/dr1.com\/news\/wp-json\/wp\/v2\/posts\/130882\/revisions\/130926"}],"wp:attachment":[{"href":"https:\/\/dr1.com\/news\/wp-json\/wp\/v2\/media?parent=130882"}],"wp:term":[{"taxonomy":"category","embeddable":true,"href":"https:\/\/dr1.com\/news\/wp-json\/wp\/v2\/categories?post=130882"},{"taxonomy":"post_tag","embeddable":true,"href":"https:\/\/dr1.com\/news\/wp-json\/wp\/v2\/tags?post=130882"}],"curies":[{"name":"wp","href":"https:\/\/api.w.org\/{rel}","templated":true}]}}