{"id":130886,"date":"2019-09-11T12:34:52","date_gmt":"2019-09-11T12:34:52","guid":{"rendered":"http:\/\/ny1.dr1.com.do\/wordpress\/?p=130886"},"modified":"2019-09-11T16:45:34","modified_gmt":"2019-09-11T16:45:34","slug":"barahona-prosecutor-dismissed","status":"publish","type":"post","link":"https:\/\/dr1.com\/news\/2019\/09\/11\/barahona-prosecutor-dismissed\/","title":{"rendered":"Barahona prosecutor dismissed"},"content":{"rendered":"\n<div class=\"wp-block-image\"><figure class=\"alignleft is-resized\"><img loading=\"lazy\" src=\"https:\/\/dr1.com\/wordpress\/wp-content\/uploads\/2019\/09\/Yvan-Ariel-Gomez-El-Dia.jpg\" alt=\"\" class=\"wp-image-130919\" width=\"300\" height=\"195\" srcset=\"https:\/\/dr1.com\/news\/wp-content\/uploads\/2019\/09\/Yvan-Ariel-Gomez-El-Dia.jpg 396w, https:\/\/dr1.com\/news\/wp-content\/uploads\/2019\/09\/Yvan-Ariel-Gomez-El-Dia-300x195.jpg 300w\" sizes=\"(max-width: 300px) 100vw, 300px\" \/><\/figure><\/div>\n\n\n\n<p>The board of the Public Prosecution Service dismissed the head prosecutor for Barahona, Yv\u00e1n Ariel G\u00f3mez Rubio. He is charged with committing irregularities during the confiscation of a consignment of cocaine in Azua. <\/p>\n\n\n\n<p>The report from the board has been sent to the Regional Prosecution Office in San Crist\u00f3bal. Prosecutors Francisco Mej\u00eda and Constantino Beltr\u00e9 are ordered to investigate to see if criminal charges should be brought.<\/p>\n\n\n\n<p>The interim replacement for G\u00f3mez Rubio is Wellington Matos Espinal.<\/p>\n\n\n\n<p>Read more in Spanish:<br><a href=\"https:\/\/eldia.com.do\/consejo-superior-del-ministerio-publico-destituye-al-fiscal-de-barahona\/\">El Dia<\/a><\/p>\n\n\n\n<p>11 September 2019<\/p>\n","protected":false},"excerpt":{"rendered":"<p>The board of the Public Prosecution Service dismissed the head prosecutor for Barahona, Yv\u00e1n Ariel G\u00f3mez Rubio. He is charged with committing irregularities during the confiscation of a consignment of cocaine in Azua. The report from the board has been sent to the Regional Prosecution Office in San Crist\u00f3bal. Prosecutors Francisco Mej\u00eda and Constantino Beltr\u00e9 &hellip; <\/p>\n<p class=\"link-more\"><a href=\"https:\/\/dr1.com\/news\/2019\/09\/11\/barahona-prosecutor-dismissed\/\" class=\"more-link\">Read more\u2026<\/a><\/p>\n","protected":false},"author":2,"featured_media":0,"comment_status":"closed","ping_status":"closed","sticky":false,"template":"","format":"standard","meta":[],"categories":[154,3],"tags":[],"_links":{"self":[{"href":"https:\/\/dr1.com\/news\/wp-json\/wp\/v2\/posts\/130886"}],"collection":[{"href":"https:\/\/dr1.com\/news\/wp-json\/wp\/v2\/posts"}],"about":[{"href":"https:\/\/dr1.com\/news\/wp-json\/wp\/v2\/types\/post"}],"author":[{"embeddable":true,"href":"https:\/\/dr1.com\/news\/wp-json\/wp\/v2\/users\/2"}],"replies":[{"embeddable":true,"href":"https:\/\/dr1.com\/news\/wp-json\/wp\/v2\/comments?post=130886"}],"version-history":[{"count":2,"href":"https:\/\/dr1.com\/news\/wp-json\/wp\/v2\/posts\/130886\/revisions"}],"predecessor-version":[{"id":130920,"href":"https:\/\/dr1.com\/news\/wp-json\/wp\/v2\/posts\/130886\/revisions\/130920"}],"wp:attachment":[{"href":"https:\/\/dr1.com\/news\/wp-json\/wp\/v2\/media?parent=130886"}],"wp:term":[{"taxonomy":"category","embeddable":true,"href":"https:\/\/dr1.com\/news\/wp-json\/wp\/v2\/categories?post=130886"},{"taxonomy":"post_tag","embeddable":true,"href":"https:\/\/dr1.com\/news\/wp-json\/wp\/v2\/tags?post=130886"}],"curies":[{"name":"wp","href":"https:\/\/api.w.org\/{rel}","templated":true}]}}