{"id":131175,"date":"2019-09-18T12:57:29","date_gmt":"2019-09-18T12:57:29","guid":{"rendered":"http:\/\/ny1.dr1.com.do\/wordpress\/?p=131175"},"modified":"2019-09-18T15:31:24","modified_gmt":"2019-09-18T15:31:24","slug":"bel-canto-at-the-palacio-de-bellas-artes","status":"publish","type":"post","link":"https:\/\/dr1.com\/news\/2019\/09\/18\/bel-canto-at-the-palacio-de-bellas-artes\/","title":{"rendered":"Bel Canto at the Palacio de Bellas Artes"},"content":{"rendered":"\n<figure class=\"wp-block-image\"><img loading=\"lazy\" width=\"1024\" height=\"613\" src=\"https:\/\/dr1.com\/wordpress\/wp-content\/uploads\/2019\/09\/Compa\u00f1\u00eda-Lirica-Verano-Operatico-El-Dia-1024x613.jpg\" alt=\"\" class=\"wp-image-131186\" srcset=\"https:\/\/dr1.com\/news\/wp-content\/uploads\/2019\/09\/Compa\u00f1\u00eda-Lirica-Verano-Operatico-El-Dia-1024x613.jpg 1024w, https:\/\/dr1.com\/news\/wp-content\/uploads\/2019\/09\/Compa\u00f1\u00eda-Lirica-Verano-Operatico-El-Dia-300x180.jpg 300w, https:\/\/dr1.com\/news\/wp-content\/uploads\/2019\/09\/Compa\u00f1\u00eda-Lirica-Verano-Operatico-El-Dia-768x460.jpg 768w, https:\/\/dr1.com\/news\/wp-content\/uploads\/2019\/09\/Compa\u00f1\u00eda-Lirica-Verano-Operatico-El-Dia.jpg 1208w\" sizes=\"(max-width: 706px) 89vw, (max-width: 767px) 82vw, 740px\" \/><\/figure>\n\n\n\n<p>Leading lyrical singers are performing the &#8220;Operistic Summer Concert&#8221; at the Maximo Avil\u00e9s Blonda Hall of the Palacio de Bellas Artes on Thursday, 19 September 2019. Soprano Ondina Matos, director of the Compa\u00f1\u00eda L\u00edric, said that the concert is duos and trios of famous operas. Tickets are RD$300 for the concert that starts at 8pm.<\/p>\n\n\n\n<p>18 September 2019<\/p>\n","protected":false},"excerpt":{"rendered":"<p>Leading lyrical singers are performing the &#8220;Operistic Summer Concert&#8221; at the Maximo Avil\u00e9s Blonda Hall of the Palacio de Bellas Artes on Thursday, 19 September 2019. Soprano Ondina Matos, director of the Compa\u00f1\u00eda L\u00edric, said that the concert is duos and trios of famous operas. Tickets are RD$300 for the concert that starts at 8pm. &hellip; <\/p>\n<p class=\"link-more\"><a href=\"https:\/\/dr1.com\/news\/2019\/09\/18\/bel-canto-at-the-palacio-de-bellas-artes\/\" class=\"more-link\">Read more\u2026<\/a><\/p>\n","protected":false},"author":2,"featured_media":0,"comment_status":"closed","ping_status":"closed","sticky":false,"template":"","format":"standard","meta":[],"categories":[154,3],"tags":[],"_links":{"self":[{"href":"https:\/\/dr1.com\/news\/wp-json\/wp\/v2\/posts\/131175"}],"collection":[{"href":"https:\/\/dr1.com\/news\/wp-json\/wp\/v2\/posts"}],"about":[{"href":"https:\/\/dr1.com\/news\/wp-json\/wp\/v2\/types\/post"}],"author":[{"embeddable":true,"href":"https:\/\/dr1.com\/news\/wp-json\/wp\/v2\/users\/2"}],"replies":[{"embeddable":true,"href":"https:\/\/dr1.com\/news\/wp-json\/wp\/v2\/comments?post=131175"}],"version-history":[{"count":2,"href":"https:\/\/dr1.com\/news\/wp-json\/wp\/v2\/posts\/131175\/revisions"}],"predecessor-version":[{"id":131187,"href":"https:\/\/dr1.com\/news\/wp-json\/wp\/v2\/posts\/131175\/revisions\/131187"}],"wp:attachment":[{"href":"https:\/\/dr1.com\/news\/wp-json\/wp\/v2\/media?parent=131175"}],"wp:term":[{"taxonomy":"category","embeddable":true,"href":"https:\/\/dr1.com\/news\/wp-json\/wp\/v2\/categories?post=131175"},{"taxonomy":"post_tag","embeddable":true,"href":"https:\/\/dr1.com\/news\/wp-json\/wp\/v2\/tags?post=131175"}],"curies":[{"name":"wp","href":"https:\/\/api.w.org\/{rel}","templated":true}]}}