{"id":131439,"date":"2019-09-26T12:40:31","date_gmt":"2019-09-26T12:40:31","guid":{"rendered":"http:\/\/ny1.dr1.com.do\/wordpress\/?p=131439"},"modified":"2019-09-29T00:16:23","modified_gmt":"2019-09-29T00:16:23","slug":"spain-weeks-in-the-dominican-republic","status":"publish","type":"post","link":"https:\/\/dr1.com\/news\/2019\/09\/26\/spain-weeks-in-the-dominican-republic\/","title":{"rendered":"Spain Weeks in the Dominican Republic"},"content":{"rendered":"\n<figure class=\"wp-block-image\"><img loading=\"lazy\" width=\"960\" height=\"513\" src=\"https:\/\/dr1.com\/wordpress\/wp-content\/uploads\/2019\/09\/Carmen-Paris-Official-Website.png\" alt=\"\" class=\"wp-image-131452\" srcset=\"https:\/\/dr1.com\/news\/wp-content\/uploads\/2019\/09\/Carmen-Paris-Official-Website.png 960w, https:\/\/dr1.com\/news\/wp-content\/uploads\/2019\/09\/Carmen-Paris-Official-Website-300x160.png 300w, https:\/\/dr1.com\/news\/wp-content\/uploads\/2019\/09\/Carmen-Paris-Official-Website-768x410.png 768w\" sizes=\"(max-width: 706px) 89vw, (max-width: 767px) 82vw, 740px\" \/><\/figure>\n\n\n\n<p>The Centro Cultural de Espa\u00f1a presents Semanas de Espa\u00f1a en Rep\u00fablica Dominicana. The event opens on 8 October 2019, Carmen Paris\u2019s \u201cEn S\u00edntesis\u201d performance at the Palacio de Bellas Artes, at 7:30pm.<\/p>\n\n\n\n<p>See other performances at:<br><a href=\"https:\/\/ccesd.org\/sin-categoria\/semanas-de-espana-2019\">CCESD<\/a><\/p>\n\n\n\n<p>26 September 2019<\/p>\n","protected":false},"excerpt":{"rendered":"<p>The Centro Cultural de Espa\u00f1a presents Semanas de Espa\u00f1a en Rep\u00fablica Dominicana. The event opens on 8 October 2019, Carmen Paris\u2019s \u201cEn S\u00edntesis\u201d performance at the Palacio de Bellas Artes, at 7:30pm. See other performances at:CCESD 26 September 2019<\/p>\n","protected":false},"author":2,"featured_media":0,"comment_status":"closed","ping_status":"closed","sticky":false,"template":"","format":"standard","meta":[],"categories":[154,3],"tags":[],"_links":{"self":[{"href":"https:\/\/dr1.com\/news\/wp-json\/wp\/v2\/posts\/131439"}],"collection":[{"href":"https:\/\/dr1.com\/news\/wp-json\/wp\/v2\/posts"}],"about":[{"href":"https:\/\/dr1.com\/news\/wp-json\/wp\/v2\/types\/post"}],"author":[{"embeddable":true,"href":"https:\/\/dr1.com\/news\/wp-json\/wp\/v2\/users\/2"}],"replies":[{"embeddable":true,"href":"https:\/\/dr1.com\/news\/wp-json\/wp\/v2\/comments?post=131439"}],"version-history":[{"count":2,"href":"https:\/\/dr1.com\/news\/wp-json\/wp\/v2\/posts\/131439\/revisions"}],"predecessor-version":[{"id":131453,"href":"https:\/\/dr1.com\/news\/wp-json\/wp\/v2\/posts\/131439\/revisions\/131453"}],"wp:attachment":[{"href":"https:\/\/dr1.com\/news\/wp-json\/wp\/v2\/media?parent=131439"}],"wp:term":[{"taxonomy":"category","embeddable":true,"href":"https:\/\/dr1.com\/news\/wp-json\/wp\/v2\/categories?post=131439"},{"taxonomy":"post_tag","embeddable":true,"href":"https:\/\/dr1.com\/news\/wp-json\/wp\/v2\/tags?post=131439"}],"curies":[{"name":"wp","href":"https:\/\/api.w.org\/{rel}","templated":true}]}}