{"id":132113,"date":"2019-10-17T12:47:35","date_gmt":"2019-10-17T12:47:35","guid":{"rendered":"http:\/\/ny1.dr1.com.do\/wordpress\/?p=132113"},"modified":"2019-10-21T11:16:39","modified_gmt":"2019-10-21T11:16:39","slug":"medina-replaces-ambassador-to-oas","status":"publish","type":"post","link":"https:\/\/dr1.com\/news\/2019\/10\/17\/medina-replaces-ambassador-to-oas\/","title":{"rendered":"Medina replaces ambassador to OAS"},"content":{"rendered":"\n<div class=\"wp-block-image\"><figure class=\"alignleft\"><img loading=\"lazy\" width=\"300\" height=\"268\" src=\"https:\/\/dr1.com\/wordpress\/wp-content\/uploads\/2019\/10\/Josu\u00e9-Antinoe-Fiallo-El-Dia.jpg\" alt=\"\" class=\"wp-image-132126\"\/><\/figure><\/div>\n\n\n\n<p>President Danilo Medina named Josu\u00e9 Antinoe Fiallo as the new Dominican permanent representative at the OAS by Decree 342-19. <\/p>\n\n\n\n<p>He removed Gede\u00f3n Santos who had been in the position since 2016. Gede\u00f3n Santos was director of the Dominican Telecommunications Institute (Indotel), prior to his appointment to the OAS. <\/p>\n\n\n\n<p>Former President Leonel Fern\u00e1ndez has asked for the OAS support in his challenge to the results of the automated vote count. <\/p>\n\n\n\n<p>Read more in Spanish:<br><a href=\"https:\/\/eldia.com.do\/danilo-medina-destituye-a-gedeon-santos-como-representante-rd-ante-la-oea\/\">El Dia<\/a><\/p>\n\n\n\n<p>17 October 2019<\/p>\n","protected":false},"excerpt":{"rendered":"<p>President Danilo Medina named Josu\u00e9 Antinoe Fiallo as the new Dominican permanent representative at the OAS by Decree 342-19. He removed Gede\u00f3n Santos who had been in the position since 2016. Gede\u00f3n Santos was director of the Dominican Telecommunications Institute (Indotel), prior to his appointment to the OAS. Former President Leonel Fern\u00e1ndez has asked for &hellip; <\/p>\n<p class=\"link-more\"><a href=\"https:\/\/dr1.com\/news\/2019\/10\/17\/medina-replaces-ambassador-to-oas\/\" class=\"more-link\">Read more\u2026<\/a><\/p>\n","protected":false},"author":2,"featured_media":0,"comment_status":"closed","ping_status":"closed","sticky":false,"template":"","format":"standard","meta":[],"categories":[154,3],"tags":[],"_links":{"self":[{"href":"https:\/\/dr1.com\/news\/wp-json\/wp\/v2\/posts\/132113"}],"collection":[{"href":"https:\/\/dr1.com\/news\/wp-json\/wp\/v2\/posts"}],"about":[{"href":"https:\/\/dr1.com\/news\/wp-json\/wp\/v2\/types\/post"}],"author":[{"embeddable":true,"href":"https:\/\/dr1.com\/news\/wp-json\/wp\/v2\/users\/2"}],"replies":[{"embeddable":true,"href":"https:\/\/dr1.com\/news\/wp-json\/wp\/v2\/comments?post=132113"}],"version-history":[{"count":2,"href":"https:\/\/dr1.com\/news\/wp-json\/wp\/v2\/posts\/132113\/revisions"}],"predecessor-version":[{"id":132127,"href":"https:\/\/dr1.com\/news\/wp-json\/wp\/v2\/posts\/132113\/revisions\/132127"}],"wp:attachment":[{"href":"https:\/\/dr1.com\/news\/wp-json\/wp\/v2\/media?parent=132113"}],"wp:term":[{"taxonomy":"category","embeddable":true,"href":"https:\/\/dr1.com\/news\/wp-json\/wp\/v2\/categories?post=132113"},{"taxonomy":"post_tag","embeddable":true,"href":"https:\/\/dr1.com\/news\/wp-json\/wp\/v2\/tags?post=132113"}],"curies":[{"name":"wp","href":"https:\/\/api.w.org\/{rel}","templated":true}]}}