{"id":133043,"date":"2019-11-13T13:35:31","date_gmt":"2019-11-13T13:35:31","guid":{"rendered":"http:\/\/ny1.dr1.com.do\/wordpress\/?p=133043"},"modified":"2019-11-13T16:19:36","modified_gmt":"2019-11-13T16:19:36","slug":"dr-carlos-dante-heredia-winner-of-oscar-de-la-renta-award","status":"publish","type":"post","link":"https:\/\/dr1.com\/news\/2019\/11\/13\/dr-carlos-dante-heredia-winner-of-oscar-de-la-renta-award\/","title":{"rendered":"Dr. Carlos Dante Heredia: Winner of Oscar de la Renta Award"},"content":{"rendered":"\n<figure class=\"wp-block-image\"><img loading=\"lazy\" width=\"1024\" height=\"742\" src=\"https:\/\/dr1.com\/wordpress\/wp-content\/uploads\/2019\/11\/Premio-Oscar-de-la-Renta-MIREX-1024x742.jpg\" alt=\"\" class=\"wp-image-133046\" srcset=\"https:\/\/dr1.com\/news\/wp-content\/uploads\/2019\/11\/Premio-Oscar-de-la-Renta-MIREX-1024x742.jpg 1024w, https:\/\/dr1.com\/news\/wp-content\/uploads\/2019\/11\/Premio-Oscar-de-la-Renta-MIREX-300x218.jpg 300w, https:\/\/dr1.com\/news\/wp-content\/uploads\/2019\/11\/Premio-Oscar-de-la-Renta-MIREX-768x557.jpg 768w, https:\/\/dr1.com\/news\/wp-content\/uploads\/2019\/11\/Premio-Oscar-de-la-Renta-MIREX.jpg 1280w\" sizes=\"(max-width: 706px) 89vw, (max-width: 767px) 82vw, 740px\" \/><\/figure>\n\n\n\n<p>Foreign Minister Miguel Vargas presented the Oscar de la Renta Award to Dominican Migrants to Dr. Carlos Dante Heredia Garc\u00eda, a Dominican ophthalmologist who lives in Spain. Heredia Garc\u00eda received the award during a ceremony held on Monday, 12 November 2019 at the National Theater. He is an honorary member of the Barraquer Ophthalmology Center, the Academy of Medical Sciences of Catalonia and the Balearic Islands, and the Academy of Sciences of the Dominican Republic. He is regarded as a world pioneer in ocular immunology.<\/p>\n\n\n\n<p>Foreign Minister Miguel Vargas presented the Oscar de la Renta Award to Dominican Migrants to Dr. Carlos Dante Heredia Garc\u00eda, a Dominican ophthalmologist who lives in Spain. Heredia Garc\u00eda received the award during a ceremony held on Monday, 12 November 2019 at the National Theater. He is an honorary member of the Barraquer Ophthalmology Center, the Academy of Medical Sciences of Catalonia and the Balearic Islands, and the Academy of Sciences of the Dominican Republic. He is regarded as a world pioneer in ocular immunology.<\/p>\n\n\n\n<p>Speaking at the event, Vargas highlighted that Heredia Garc\u00eda \u201chas always carried the Dominican Republic in his heart.\u201d He spoke of how the physician throughout the years has actively collaborated with the Institute Against Glaucoma Blindness in the Cristo Rey slum neighborhood in Santo Domingo. The physician has also helped Dominicans to enter the prestigious Barraquer Center to carry out specialization studies and practices. <\/p>\n\n\n\n<p>Vargas said that the award-winner has performed more than 8,000 retinal and vitreous operations. He is also the author of numerous videos and documentaries on ophthalmology, and has published more than 200 works in renowned scientific journals in different languages.<\/p>\n\n\n\n<p>The finalists for the award were Ang\u00e9lica Flor\u00e9n, Berniza Calder\u00f3n, Daisy Cocco, Digna Cabral, Kenia del Orbe, Juli\u00e1n Jos\u00e9 Javier, Rolando Acosta, Dante S\u00e1nchez and Rub\u00e9n Peralta. <\/p>\n\n\n\n<p>First Lady C\u00e1ndida Montilla represented President Danilo Medina at the ceremony. Also present were Ambassador Mar\u00eda de los \u00c1ngeles Garc\u00eda, the foreign minister\u2019s wife, who is the general supervisor of the award. Members of the jury present were its president, Jos\u00e9 Luis (Pep\u00edn) Corripio Estrada, president of the Corripio Group; and Hayd\u00e9e Kuret, senior vice president of Grupo Puntacana, government officials, diplomats, legislators, media directors and special guests.<\/p>\n\n\n\n<p>A show with Milly Quezada, Adalgisa Pantale\u00f3n, Eddy Herrera, Cristal Marie, Miriam Cruz and Manny Cruz closed the event. <\/p>\n\n\n\n<p>The Oscar de la Renta Award was created by President Danilo Medina in 2017 to recognize Dominican migrants and their descendants, up to the second generation, whose contributions have positively impacted the community in which they reside and their country of origin, the Dominican Republic.<\/p>\n\n\n\n<p>At the same time, the award honors the outstanding professional and human trajectory of the renowned fashion designer Oscar de la Renta, who was also a benefactor of several generations, through the &#8220;Hogar del Ni\u00f1o&#8221; (Children&#8217;s Home), a childcare center established in La Romana. He also contributed to the construction of a school in Punta Cana.<\/p>\n\n\n\n<p>Read more in Spanish:<br><a href=\"http:\/\/www.mirex.gob.do\/medios\/noticias\/canciller-preside-segunda-entrega-premio-al-emigrante-dominicano-sr-oscar-de-la-renta\">Ministry of Foreign Relations<\/a><\/p>\n\n\n\n<p>13 November 2019<\/p>\n","protected":false},"excerpt":{"rendered":"<p>Foreign Minister Miguel Vargas presented the Oscar de la Renta Award to Dominican Migrants to Dr. Carlos Dante Heredia Garc\u00eda, a Dominican ophthalmologist who lives in Spain. Heredia Garc\u00eda received the award during a ceremony held on Monday, 12 November 2019 at the National Theater. He is an honorary member of the Barraquer Ophthalmology Center, &hellip; <\/p>\n<p class=\"link-more\"><a href=\"https:\/\/dr1.com\/news\/2019\/11\/13\/dr-carlos-dante-heredia-winner-of-oscar-de-la-renta-award\/\" class=\"more-link\">Read more\u2026<\/a><\/p>\n","protected":false},"author":2,"featured_media":0,"comment_status":"closed","ping_status":"closed","sticky":false,"template":"","format":"standard","meta":[],"categories":[154,3],"tags":[],"_links":{"self":[{"href":"https:\/\/dr1.com\/news\/wp-json\/wp\/v2\/posts\/133043"}],"collection":[{"href":"https:\/\/dr1.com\/news\/wp-json\/wp\/v2\/posts"}],"about":[{"href":"https:\/\/dr1.com\/news\/wp-json\/wp\/v2\/types\/post"}],"author":[{"embeddable":true,"href":"https:\/\/dr1.com\/news\/wp-json\/wp\/v2\/users\/2"}],"replies":[{"embeddable":true,"href":"https:\/\/dr1.com\/news\/wp-json\/wp\/v2\/comments?post=133043"}],"version-history":[{"count":2,"href":"https:\/\/dr1.com\/news\/wp-json\/wp\/v2\/posts\/133043\/revisions"}],"predecessor-version":[{"id":133047,"href":"https:\/\/dr1.com\/news\/wp-json\/wp\/v2\/posts\/133043\/revisions\/133047"}],"wp:attachment":[{"href":"https:\/\/dr1.com\/news\/wp-json\/wp\/v2\/media?parent=133043"}],"wp:term":[{"taxonomy":"category","embeddable":true,"href":"https:\/\/dr1.com\/news\/wp-json\/wp\/v2\/categories?post=133043"},{"taxonomy":"post_tag","embeddable":true,"href":"https:\/\/dr1.com\/news\/wp-json\/wp\/v2\/tags?post=133043"}],"curies":[{"name":"wp","href":"https:\/\/api.w.org\/{rel}","templated":true}]}}