{"id":133711,"date":"2019-12-02T16:10:09","date_gmt":"2019-12-02T16:10:09","guid":{"rendered":"http:\/\/ny1.dr1.com.do\/wordpress\/?p=133711"},"modified":"2019-12-03T02:02:57","modified_gmt":"2019-12-03T02:02:57","slug":"medina-names-evergito-pena-acosta-as-new-climate-change-director","status":"publish","type":"post","link":"https:\/\/dr1.com\/news\/2019\/12\/02\/medina-names-evergito-pena-acosta-as-new-climate-change-director\/","title":{"rendered":"Medina names Evergito Pe\u00f1a Acosta as new Climate Change director"},"content":{"rendered":"\n<div class=\"wp-block-image\"><figure class=\"alignleft size-large\"><img loading=\"lazy\" width=\"200\" height=\"200\" src=\"https:\/\/dr1.com\/wordpress\/wp-content\/uploads\/2019\/12\/Evergito-Pe\u00f1a-Acosta-Linkedin-e1575303814911.jpg\" alt=\"\" class=\"wp-image-133741\"\/><\/figure><\/div>\n\n\n\n<p>Just hours before leaving for the Madrid Climate Summit, President Danilo Medina removed the chief of the Dominican delegation, Ernesto Reyna, as executive vice president of the National Climate Change Council. Medina named Evergito Pe\u00f1a Acosta to replace Reyna, according to Decree 434-19. The Madrid Summit is scheduled for 2-13 December 2019.<\/p>\n\n\n\n<p>Pe\u00f1a Acosta is an accountant and lawyer, with a master&#8217;s in diplomacy, international law, and government law. Before his promotion, he was the administrative and financial director of the National Climate Change Council. His private firm is Pe\u00f1a Rodr\u00edguez and Asociados, SRL. His brother is the Navy chief, Vice Admiral Miguel Enrique Pe\u00f1a Acosta.<\/p>\n\n\n\n<p>In the same executive act, President Medina named Jhorlenny Rodr\u00edguez Rosario to replace Nilka Elisa Jansen, who had served as executive director of ProCompetencia, the government agency.<\/p>\n\n\n\n<p>Medina also appointed Ram\u00f3n Rivas Cordero to replace Luis Manuel Bonetti Mesa as a member of the board of the Banco de Reservas.<\/p>\n\n\n\n<p>Di\u00f3medes Minaya was named to the board of the Empresa de Transmisi\u00f3n El\u00e9ctrica (ETED), replacing Edward Mar\u00ed\u00f1ez Ogando.<\/p>\n\n\n\n<p>Read more in Spanish:<br><a href=\"https:\/\/listindiario.com\/las-mundiales\/2019\/11\/29\/593665\/una-cita-con-el-clima-entre-el-2-y-el-13-de-diciembre\">Listin Diario<\/a><br><a href=\"https:\/\/listindiario.com\/la-republica\/2019\/11\/29\/593808\/horas-antes-de-salir-a-la-cumbre-del-clima-en-madrid-el-presidente-medida-destituye-al-jefe-de-la-delegacion-para-el-cambio-climatico\">Listin Diario<\/a><br><a href=\"https:\/\/z101digital.com\/nuevas-designaciones-en-procompetencia-consejo-del-cambio-climatico-banco-de-reservas-y-eted\/\">Z101<\/a><\/p>\n\n\n\n<p>2 December 2019<\/p>\n","protected":false},"excerpt":{"rendered":"<p>Just hours before leaving for the Madrid Climate Summit, President Danilo Medina removed the chief of the Dominican delegation, Ernesto Reyna, as executive vice president of the National Climate Change Council. Medina named Evergito Pe\u00f1a Acosta to replace Reyna, according to Decree 434-19. The Madrid Summit is scheduled for 2-13 December 2019. Pe\u00f1a Acosta is &hellip; <\/p>\n<p class=\"link-more\"><a href=\"https:\/\/dr1.com\/news\/2019\/12\/02\/medina-names-evergito-pena-acosta-as-new-climate-change-director\/\" class=\"more-link\">Read more\u2026<\/a><\/p>\n","protected":false},"author":2,"featured_media":0,"comment_status":"closed","ping_status":"closed","sticky":false,"template":"","format":"standard","meta":[],"categories":[154,3],"tags":[],"_links":{"self":[{"href":"https:\/\/dr1.com\/news\/wp-json\/wp\/v2\/posts\/133711"}],"collection":[{"href":"https:\/\/dr1.com\/news\/wp-json\/wp\/v2\/posts"}],"about":[{"href":"https:\/\/dr1.com\/news\/wp-json\/wp\/v2\/types\/post"}],"author":[{"embeddable":true,"href":"https:\/\/dr1.com\/news\/wp-json\/wp\/v2\/users\/2"}],"replies":[{"embeddable":true,"href":"https:\/\/dr1.com\/news\/wp-json\/wp\/v2\/comments?post=133711"}],"version-history":[{"count":2,"href":"https:\/\/dr1.com\/news\/wp-json\/wp\/v2\/posts\/133711\/revisions"}],"predecessor-version":[{"id":133747,"href":"https:\/\/dr1.com\/news\/wp-json\/wp\/v2\/posts\/133711\/revisions\/133747"}],"wp:attachment":[{"href":"https:\/\/dr1.com\/news\/wp-json\/wp\/v2\/media?parent=133711"}],"wp:term":[{"taxonomy":"category","embeddable":true,"href":"https:\/\/dr1.com\/news\/wp-json\/wp\/v2\/categories?post=133711"},{"taxonomy":"post_tag","embeddable":true,"href":"https:\/\/dr1.com\/news\/wp-json\/wp\/v2\/tags?post=133711"}],"curies":[{"name":"wp","href":"https:\/\/api.w.org\/{rel}","templated":true}]}}