{"id":134564,"date":"2019-12-26T12:59:24","date_gmt":"2019-12-26T12:59:24","guid":{"rendered":"http:\/\/ny1.dr1.com.do\/wordpress\/?p=134564"},"modified":"2019-12-26T17:22:08","modified_gmt":"2019-12-26T17:22:08","slug":"colombian-accused-of-stealing-from-daughter-of-defense-minister","status":"publish","type":"post","link":"https:\/\/dr1.com\/news\/2019\/12\/26\/colombian-accused-of-stealing-from-daughter-of-defense-minister\/","title":{"rendered":"Colombian accused of stealing from daughter of Defense Minister"},"content":{"rendered":"\n<div class=\"wp-block-image\"><figure class=\"alignleft size-large\"><img loading=\"lazy\" width=\"300\" height=\"230\" src=\"https:\/\/dr1.com\/wordpress\/wp-content\/uploads\/2019\/12\/Ruben-Dario-Paulino-El-Dia-e1577380546349.jpg\" alt=\"\" class=\"wp-image-134619\"\/><\/figure><\/div>\n\n\n\n<p>National District Judge Jose Alejandro Vargas imposed three months of preventive detention against Colombian Andr\u00e9s Camilo G\u00f3ngora C\u00e9spedes, who is accused together with an unnamed person of assaulting the daughter of the Minister of Defense, Rub\u00e9n Dar\u00edo Paulino Sem. The arrested man was ordered to serve the pre-trial custody in the La Victoria jail. <\/p>\n\n\n\n<p>As reported by Police spokesman, Frank F\u00e9lix Dur\u00e1n Mej\u00eda, on a radio talk show, the Defense Minister\u2019s daughter had withdrawn the cash from a bank on Av. R\u00f3mulo Betancourt and was on her way to pay tuition. According to the Police report, she was followed after leaving the bank. The assailant broke the glass of her car to steal the RD$193,000 in cash she had with her.<\/p>\n\n\n\n<p>The second person has not been identified. The Police says he is another foreigner.<\/p>\n\n\n\n<p>Hard lesson learned: transfer the cash. Or use the facilities of shopping centers where several banks are located one beside the other. <\/p>\n\n\n\n<p>Read more in Spanish:<br><a href=\"https:\/\/n.com.do\/2019\/12\/23\/apresan-a-dos-individuos-acusados-de-asaltar-hija-del-ministro-de-defensa\/\">N Digital<\/a><br><a href=\"https:\/\/eldia.com.do\/a-hija-del-ministro-de-defensa-le-robaron-193-mil-pesos\/\">El Dia<\/a><br><a href=\"https:\/\/listindiario.com\/la-republica\/2019\/12\/23\/597025\/prision-preventiva-a-colombiano-implicado-en-robo-de-mas-de-rd-190-mil-a-hija-del-ministro-de-defensa\">Listin Diario<\/a><\/p>\n\n\n\n<p>26 December 2019<\/p>\n","protected":false},"excerpt":{"rendered":"<p>National District Judge Jose Alejandro Vargas imposed three months of preventive detention against Colombian Andr\u00e9s Camilo G\u00f3ngora C\u00e9spedes, who is accused together with an unnamed person of assaulting the daughter of the Minister of Defense, Rub\u00e9n Dar\u00edo Paulino Sem. The arrested man was ordered to serve the pre-trial custody in the La Victoria jail. As &hellip; <\/p>\n<p class=\"link-more\"><a href=\"https:\/\/dr1.com\/news\/2019\/12\/26\/colombian-accused-of-stealing-from-daughter-of-defense-minister\/\" class=\"more-link\">Read more\u2026<\/a><\/p>\n","protected":false},"author":2,"featured_media":0,"comment_status":"closed","ping_status":"closed","sticky":false,"template":"","format":"standard","meta":[],"categories":[154,3],"tags":[],"_links":{"self":[{"href":"https:\/\/dr1.com\/news\/wp-json\/wp\/v2\/posts\/134564"}],"collection":[{"href":"https:\/\/dr1.com\/news\/wp-json\/wp\/v2\/posts"}],"about":[{"href":"https:\/\/dr1.com\/news\/wp-json\/wp\/v2\/types\/post"}],"author":[{"embeddable":true,"href":"https:\/\/dr1.com\/news\/wp-json\/wp\/v2\/users\/2"}],"replies":[{"embeddable":true,"href":"https:\/\/dr1.com\/news\/wp-json\/wp\/v2\/comments?post=134564"}],"version-history":[{"count":2,"href":"https:\/\/dr1.com\/news\/wp-json\/wp\/v2\/posts\/134564\/revisions"}],"predecessor-version":[{"id":134621,"href":"https:\/\/dr1.com\/news\/wp-json\/wp\/v2\/posts\/134564\/revisions\/134621"}],"wp:attachment":[{"href":"https:\/\/dr1.com\/news\/wp-json\/wp\/v2\/media?parent=134564"}],"wp:term":[{"taxonomy":"category","embeddable":true,"href":"https:\/\/dr1.com\/news\/wp-json\/wp\/v2\/categories?post=134564"},{"taxonomy":"post_tag","embeddable":true,"href":"https:\/\/dr1.com\/news\/wp-json\/wp\/v2\/tags?post=134564"}],"curies":[{"name":"wp","href":"https:\/\/api.w.org\/{rel}","templated":true}]}}