{"id":134586,"date":"2019-12-26T13:07:32","date_gmt":"2019-12-26T13:07:32","guid":{"rendered":"http:\/\/ny1.dr1.com.do\/wordpress\/?p=134586"},"modified":"2019-12-26T16:16:15","modified_gmt":"2019-12-26T16:16:15","slug":"ministry-of-defense-will-use-eted-networks-for-border-security-cameras","status":"publish","type":"post","link":"https:\/\/dr1.com\/news\/2019\/12\/26\/ministry-of-defense-will-use-eted-networks-for-border-security-cameras\/","title":{"rendered":"Ministry of Defense will use ETED networks for border security cameras"},"content":{"rendered":"\n<div class=\"wp-block-image\"><figure class=\"alignleft size-large is-resized\"><img loading=\"lazy\" src=\"https:\/\/dr1.com\/wordpress\/wp-content\/uploads\/2019\/12\/Ministerio-de-Defensa-Logo-1024x640.png\" alt=\"\" class=\"wp-image-134597\" width=\"300\" height=\"187\"\/><\/figure><\/div>\n\n\n\n<p>The Ministry of Defense will use the optic fiber network of the government-owned Dominican Electric Transmission Corporation (ETED) and its Optical Fiber Telecommunications Business Unit (UNTFO) for the operation of security cameras, including the more than 400 used in the border area. Both entities signed a two-year renewable agreement. <\/p>\n\n\n\n<p>Defense Minister Lieutenant General Rub\u00e9n Dar\u00edo Paulino said the agreement is of vital importance for the development of border surveillance. Gorki Encarnaci\u00f3n, the director of UNTFO, said the use of technology at the border will allow constant monitoring to prevent and detect illicit trafficking in general. <\/p>\n\n\n\n<p>Read more in Spanish:<br><a href=\"https:\/\/eldia.com.do\/ministerio-de-defensa-usara-redes-de-eted-para-camaras-de-seguridad\/\">El Dia<\/a><\/p>\n\n\n\n<p>26 December 2019<\/p>\n","protected":false},"excerpt":{"rendered":"<p>The Ministry of Defense will use the optic fiber network of the government-owned Dominican Electric Transmission Corporation (ETED) and its Optical Fiber Telecommunications Business Unit (UNTFO) for the operation of security cameras, including the more than 400 used in the border area. Both entities signed a two-year renewable agreement. Defense Minister Lieutenant General Rub\u00e9n Dar\u00edo &hellip; <\/p>\n<p class=\"link-more\"><a href=\"https:\/\/dr1.com\/news\/2019\/12\/26\/ministry-of-defense-will-use-eted-networks-for-border-security-cameras\/\" class=\"more-link\">Read more\u2026<\/a><\/p>\n","protected":false},"author":2,"featured_media":0,"comment_status":"closed","ping_status":"closed","sticky":false,"template":"","format":"standard","meta":[],"categories":[154,3],"tags":[],"_links":{"self":[{"href":"https:\/\/dr1.com\/news\/wp-json\/wp\/v2\/posts\/134586"}],"collection":[{"href":"https:\/\/dr1.com\/news\/wp-json\/wp\/v2\/posts"}],"about":[{"href":"https:\/\/dr1.com\/news\/wp-json\/wp\/v2\/types\/post"}],"author":[{"embeddable":true,"href":"https:\/\/dr1.com\/news\/wp-json\/wp\/v2\/users\/2"}],"replies":[{"embeddable":true,"href":"https:\/\/dr1.com\/news\/wp-json\/wp\/v2\/comments?post=134586"}],"version-history":[{"count":2,"href":"https:\/\/dr1.com\/news\/wp-json\/wp\/v2\/posts\/134586\/revisions"}],"predecessor-version":[{"id":134598,"href":"https:\/\/dr1.com\/news\/wp-json\/wp\/v2\/posts\/134586\/revisions\/134598"}],"wp:attachment":[{"href":"https:\/\/dr1.com\/news\/wp-json\/wp\/v2\/media?parent=134586"}],"wp:term":[{"taxonomy":"category","embeddable":true,"href":"https:\/\/dr1.com\/news\/wp-json\/wp\/v2\/categories?post=134586"},{"taxonomy":"post_tag","embeddable":true,"href":"https:\/\/dr1.com\/news\/wp-json\/wp\/v2\/tags?post=134586"}],"curies":[{"name":"wp","href":"https:\/\/api.w.org\/{rel}","templated":true}]}}