{"id":135628,"date":"2020-01-28T12:50:38","date_gmt":"2020-01-28T12:50:38","guid":{"rendered":"http:\/\/ny1.dr1.com.do\/wordpress\/?p=135628"},"modified":"2020-01-29T12:33:37","modified_gmt":"2020-01-29T12:33:37","slug":"anje-will-hold-discussions-with-municipal-candidates-on-5-february","status":"publish","type":"post","link":"https:\/\/dr1.com\/news\/2020\/01\/28\/anje-will-hold-discussions-with-municipal-candidates-on-5-february\/","title":{"rendered":"ANJE will hold discussions with municipal candidates on 5 February"},"content":{"rendered":"\n<figure class=\"wp-block-image size-large\"><img loading=\"lazy\" width=\"601\" height=\"420\" src=\"https:\/\/dr1.com\/wordpress\/wp-content\/uploads\/2020\/01\/Debate-Wikipedia-e1580301180422.png\" alt=\"\" class=\"wp-image-135700\"\/><\/figure>\n\n\n\n<p>The National Association of Young Entrepreneurs (ANJE) announced their municipal debate will take place on 5 February 2020. The mayor candidates for the National District and Santiago will be broadcast at 8 pm on a TV station to be announced.<\/p>\n\n\n\n<p>ANJE says that all the candidates for Mayor for the National District will participate in the debate. For the Santiago de los Caballeros debate, six of the seven participating candidates have confirmed.<\/p>\n\n\n\n<p>The confirmed candidates for the 2020 municipal debates for the National District are Carolina Mej\u00eda for the Modern Revolutionary Party (PRM), Hugo Beras for the Dominican Revolutionary Party (PRD), Marcel Fonfrias for the Institutional Democratic Party (PDI), Juan de Dios (Johnny) Ventura for the Christian Social Reformist Party (PRSC), Domingo Contreras for the Dominican Liberation Party (PLD), Bartolom\u00e9 Pujals for Alianza Pa\u00eds (ALPA\u00cdS) and Michael Miguel Holgu\u00edn for the Green Party.<\/p>\n\n\n\n<p>The mayor candidates confirmed by Santiago de los Caballeros are: Jos\u00e9 Ulises Rodriguez for the Modern Revolutionary Party (PRM), Rafael Cruz (Papito) for the Social Christian Reformist Party (PRSC), Juan Gilberto Serulle for the Dominican Revolutionary Party (PRD), Deivi Salgado Jim\u00e9nez for Alianza Pais (ALPAIS), Yasser Serulle Ferdinand for the Socialist Green Party, and Jos\u00e9 Eugenio Mart\u00ednez for the Civic Renewal Party (POCR).<\/p>\n\n\n\n<p>ANJE also announces that in April the congressional and presidential debates will take place. The congressional and presidential election is set for 17 May 2020.<\/p>\n\n\n\n<p>Read more in Spanish:<br><a href=\"https:\/\/eldia.com.do\/anje-hara-debates-con-los-candidatos-municipales-el-proximo-5-de-febrero\/\">El Dia<\/a><\/p>\n\n\n\n<p>28 January 2020<\/p>\n","protected":false},"excerpt":{"rendered":"<p>The National Association of Young Entrepreneurs (ANJE) announced their municipal debate will take place on 5 February 2020. The mayor candidates for the National District and Santiago will be broadcast at 8 pm on a TV station to be announced. ANJE says that all the candidates for Mayor for the National District will participate in &hellip; <\/p>\n<p class=\"link-more\"><a href=\"https:\/\/dr1.com\/news\/2020\/01\/28\/anje-will-hold-discussions-with-municipal-candidates-on-5-february\/\" class=\"more-link\">Read more\u2026<\/a><\/p>\n","protected":false},"author":2,"featured_media":0,"comment_status":"closed","ping_status":"closed","sticky":false,"template":"","format":"standard","meta":[],"categories":[271,3],"tags":[],"_links":{"self":[{"href":"https:\/\/dr1.com\/news\/wp-json\/wp\/v2\/posts\/135628"}],"collection":[{"href":"https:\/\/dr1.com\/news\/wp-json\/wp\/v2\/posts"}],"about":[{"href":"https:\/\/dr1.com\/news\/wp-json\/wp\/v2\/types\/post"}],"author":[{"embeddable":true,"href":"https:\/\/dr1.com\/news\/wp-json\/wp\/v2\/users\/2"}],"replies":[{"embeddable":true,"href":"https:\/\/dr1.com\/news\/wp-json\/wp\/v2\/comments?post=135628"}],"version-history":[{"count":2,"href":"https:\/\/dr1.com\/news\/wp-json\/wp\/v2\/posts\/135628\/revisions"}],"predecessor-version":[{"id":135701,"href":"https:\/\/dr1.com\/news\/wp-json\/wp\/v2\/posts\/135628\/revisions\/135701"}],"wp:attachment":[{"href":"https:\/\/dr1.com\/news\/wp-json\/wp\/v2\/media?parent=135628"}],"wp:term":[{"taxonomy":"category","embeddable":true,"href":"https:\/\/dr1.com\/news\/wp-json\/wp\/v2\/categories?post=135628"},{"taxonomy":"post_tag","embeddable":true,"href":"https:\/\/dr1.com\/news\/wp-json\/wp\/v2\/tags?post=135628"}],"curies":[{"name":"wp","href":"https:\/\/api.w.org\/{rel}","templated":true}]}}