{"id":138454,"date":"1996-01-11T12:00:00","date_gmt":"1996-01-11T12:00:00","guid":{"rendered":"http:\/\/ny1.dr1.com.do\/wordpress\/?p=138454"},"modified":"1996-01-11T12:00:00","modified_gmt":"1996-01-11T12:00:00","slug":"1995-was-a-bad-year-1","status":"publish","type":"post","link":"https:\/\/dr1.com\/news\/1996\/01\/11\/1995-was-a-bad-year-1\/","title":{"rendered":"1995 was a bad year"},"content":{"rendered":"\n\n<p>The president of the Asociaci\u00f3n de Empresas de Herrera, Mr. C\u00e9sar Nicol\u00e1s Penson, says that contrary to the statements made by the governor of the Central Bank, 1995 has been a very bad year from the economic point of view. He added that he had read the report of Mr. Hector Valdez Albizu, governor of the Central Bank, in which he says that &#8220;the year 1995 was a very positive year for the country from the economic point of view.&#8221; Mr. Penson said that &#8220;in 1995, the level of employment was dramatically reduced, industrial activity was much lower while imports were much higher.&#8221;<\/p>\n\n","protected":false},"excerpt":{"rendered":"<p>The president of the Asociaci\u00f3n de Empresas de Herrera, Mr. C\u00e9sar Nicol\u00e1s Penson, says that contrary to the statements made by the governor of the Central Bank, 1995 has been a very bad year from the economic point of view. He added that he had read the report of Mr. Hector Valdez Albizu, governor of &hellip; <\/p>\n<p class=\"link-more\"><a href=\"https:\/\/dr1.com\/news\/1996\/01\/11\/1995-was-a-bad-year-1\/\" class=\"more-link\">Read more\u2026<\/a><\/p>\n","protected":false},"author":2,"featured_media":0,"comment_status":"closed","ping_status":"closed","sticky":false,"template":"","format":"standard","meta":[],"categories":[281,3],"tags":[],"_links":{"self":[{"href":"https:\/\/dr1.com\/news\/wp-json\/wp\/v2\/posts\/138454"}],"collection":[{"href":"https:\/\/dr1.com\/news\/wp-json\/wp\/v2\/posts"}],"about":[{"href":"https:\/\/dr1.com\/news\/wp-json\/wp\/v2\/types\/post"}],"author":[{"embeddable":true,"href":"https:\/\/dr1.com\/news\/wp-json\/wp\/v2\/users\/2"}],"replies":[{"embeddable":true,"href":"https:\/\/dr1.com\/news\/wp-json\/wp\/v2\/comments?post=138454"}],"version-history":[{"count":0,"href":"https:\/\/dr1.com\/news\/wp-json\/wp\/v2\/posts\/138454\/revisions"}],"wp:attachment":[{"href":"https:\/\/dr1.com\/news\/wp-json\/wp\/v2\/media?parent=138454"}],"wp:term":[{"taxonomy":"category","embeddable":true,"href":"https:\/\/dr1.com\/news\/wp-json\/wp\/v2\/categories?post=138454"},{"taxonomy":"post_tag","embeddable":true,"href":"https:\/\/dr1.com\/news\/wp-json\/wp\/v2\/tags?post=138454"}],"curies":[{"name":"wp","href":"https:\/\/api.w.org\/{rel}","templated":true}]}}