{"id":138650,"date":"1996-03-28T12:00:00","date_gmt":"1996-03-28T12:00:00","guid":{"rendered":"http:\/\/ny1.dr1.com.do\/wordpress\/?p=138650"},"modified":"1996-03-28T12:00:00","modified_gmt":"1996-03-28T12:00:00","slug":"the-vice-presidential-candidate-for-the-pld-1","status":"publish","type":"post","link":"https:\/\/dr1.com\/news\/1996\/03\/28\/the-vice-presidential-candidate-for-the-pld-1\/","title":{"rendered":"The vice presidential candidate for the PLD"},"content":{"rendered":"\n\n<p>Jaime David Fern\u00e1ndez Mirabal was chosen as the vice presidential candidate of the Partido de la Liberaci\u00f3n Dominicana. Presidential candidate Leonel Fern\u00e1ndez proposed Jaime David Fern\u00e1ndez Mirabal last Friday, following a tortuous decision process. He was approved by the majority vote of 1,200 branches from the PLD throughout the country.<\/p>\n\n\n\n\n<p>Fern\u00e1ndez Mirabal is 41 years old, and the senator for Salcedo. He graduated as a physician specializing in psychiatry in Spain. He is also an agronomist.<\/p>\n\n\n\n\n<p>Professor Lidio Cadet, secretary general of the party, said that the capacity, honesty and vocation of Jaime David Fern\u00e1ndez demonstrated during six years of service in the Senate will counter all arguments against him. The major criticism of his nomination is similar to that leveled against the presidential candidate of the PLD &#8211; that he is young and has not been known as a manager of anything.<\/p>\n\n","protected":false},"excerpt":{"rendered":"<p>Jaime David Fern\u00e1ndez Mirabal was chosen as the vice presidential candidate of the Partido de la Liberaci\u00f3n Dominicana. Presidential candidate Leonel Fern\u00e1ndez proposed Jaime David Fern\u00e1ndez Mirabal last Friday, following a tortuous decision process. He was approved by the majority vote of 1,200 branches from the PLD throughout the country. Fern\u00e1ndez Mirabal is 41 years &hellip; <\/p>\n<p class=\"link-more\"><a href=\"https:\/\/dr1.com\/news\/1996\/03\/28\/the-vice-presidential-candidate-for-the-pld-1\/\" class=\"more-link\">Read more\u2026<\/a><\/p>\n","protected":false},"author":2,"featured_media":0,"comment_status":"closed","ping_status":"closed","sticky":false,"template":"","format":"standard","meta":[],"categories":[281,3],"tags":[],"_links":{"self":[{"href":"https:\/\/dr1.com\/news\/wp-json\/wp\/v2\/posts\/138650"}],"collection":[{"href":"https:\/\/dr1.com\/news\/wp-json\/wp\/v2\/posts"}],"about":[{"href":"https:\/\/dr1.com\/news\/wp-json\/wp\/v2\/types\/post"}],"author":[{"embeddable":true,"href":"https:\/\/dr1.com\/news\/wp-json\/wp\/v2\/users\/2"}],"replies":[{"embeddable":true,"href":"https:\/\/dr1.com\/news\/wp-json\/wp\/v2\/comments?post=138650"}],"version-history":[{"count":0,"href":"https:\/\/dr1.com\/news\/wp-json\/wp\/v2\/posts\/138650\/revisions"}],"wp:attachment":[{"href":"https:\/\/dr1.com\/news\/wp-json\/wp\/v2\/media?parent=138650"}],"wp:term":[{"taxonomy":"category","embeddable":true,"href":"https:\/\/dr1.com\/news\/wp-json\/wp\/v2\/categories?post=138650"},{"taxonomy":"post_tag","embeddable":true,"href":"https:\/\/dr1.com\/news\/wp-json\/wp\/v2\/tags?post=138650"}],"curies":[{"name":"wp","href":"https:\/\/api.w.org\/{rel}","templated":true}]}}