{"id":139814,"date":"2020-03-31T12:44:56","date_gmt":"2020-03-31T12:44:56","guid":{"rendered":"http:\/\/ny1.dr1.com.do\/wordpress\/?p=139814"},"modified":"2020-03-31T14:31:30","modified_gmt":"2020-03-31T14:31:30","slug":"sanchez-cardenas-dr-has-400-cdc-trained-epidemiologists-medics-from-cuba-not-needed","status":"publish","type":"post","link":"https:\/\/dr1.com\/news\/2020\/03\/31\/sanchez-cardenas-dr-has-400-cdc-trained-epidemiologists-medics-from-cuba-not-needed\/","title":{"rendered":"S\u00e1nchez C\u00e1rdenas: DR has 400 CDC-trained epidemiologists, medics from Cuba not needed"},"content":{"rendered":"\n<figure class=\"wp-block-image size-large\"><img loading=\"lazy\" width=\"600\" height=\"366\" src=\"https:\/\/dr1.com\/wordpress\/wp-content\/uploads\/2020\/03\/Rafael-Sanchez-Cardenas-El-Dia-e1583771415931.jpg\" alt=\"\" class=\"wp-image-137503\"\/><\/figure>\n\n\n\n<p>Public Health Minister Rafael S\u00e1nchez C\u00e1rdenas turned down a request from sectors in San Francisco de Macor\u00eds to import doctors from Cuba. During the press briefing, the minister explained the country has the human resources it needs to tackle the situation. He explained the Ministry of Public Health in collaboration with the United States Center for Disease Control has trained 400 epidemiologists. He said the country will continue to apply the recommendations of the Pan American Health Organization and the World Health Organization. <\/p>\n\n\n\n<p>He said that if the citizens heeded the government recommendations to not congregate and kept to self-isolation measures, the health capacity of San Francisco de Macor\u00eds hospitals would not have been overwhelmed. He called for the town to contribute, putting an end to playing street games (vitilla), cock fighting and domino games. He said all these activities are facilitating the local transmission that all want to curb. A recent video showed people competing in a cockfighting game wearing medical masks. <\/p>\n\n\n\n<p>He said that medics from other hospitals are being mobilized to work in San Francisco. He observed that medical services in the National District and Santiago has been delegated to last year interns to free the bosses to work in provinces where they are most needed. He made the comments during the question and answer session of the Tuesday, 30 March 2020 press briefing on the new coronavirus. <\/p>\n\n\n\n<p>The Public Health Minister called for the people of San Francisco to cooperate with medics and police and stay home for their own good. San Francisco is by population the city with the highest fatality rate. <\/p>\n\n\n\n<p>Investigative journalist Alicia Ortega on her \u201cEl Informe con Alicia Ortega\u201d report on Channel 9 on Monday, 30 March 2020, revealed the deficient hospital facilities in San Francisco has much of the blame for the high number of deaths. She showed footage of the very deficient hospital facilities, including at the San Vicente de Paul public hospital the government has chosen to treat patients.  <\/p>\n\n\n\n<p>Public Health Minister S\u00e1nchez C\u00e1rdenas has said earlier that the country is now suffering the consequences of the congregations of persons leading to the 15 March municipal election, the carnival period and the celebrations after the elections that lead to the spreading of the disease. <\/p>\n\n\n\n<p>The province of Duarte and its capital city, San Francisco de Macoris, reports 90 cases, 7 new cases as of 6pm on 30 March 2020, 22 deaths, 24% mortality. <\/p>\n\n\n\n<p>Read more in Spanish:<br><a href=\"https:\/\/hoy.com.do\/juegan-gallos-domino-y-vitilla-la-otra-cara-del-coronavirus-en-sfm\/\">Hoy<\/a><br><a href=\"https:\/\/hoy.com.do\/san-francisco-municipio-con-mas-muertes-por-coronavirus-clama-auxilio-al-presidente\/\">Hoy<\/a><br><a href=\"https:\/\/presidencia.gob.do\/noticias\/ministro-de-salud-garantiza-que-el-pais-atiende-de-manera-adecuada-situacion-por-covid-19\">Presidencia<\/a><br><a href=\"https:\/\/eldia.com.do\/san-francisco-de-macoris-supera-en-muertes-a-mayoria-de-paises-de-america-latina\/\">El Dia<\/a><br><a href=\"https:\/\/eldia.com.do\/domino-galleras-y-vitillas-la-transgresion-de-los-macorisanos\/\">El Dia<\/a><\/p>\n\n\n\n<p>31 March 2020<\/p>\n","protected":false},"excerpt":{"rendered":"<p>Public Health Minister Rafael S\u00e1nchez C\u00e1rdenas turned down a request from sectors in San Francisco de Macor\u00eds to import doctors from Cuba. During the press briefing, the minister explained the country has the human resources it needs to tackle the situation. He explained the Ministry of Public Health in collaboration with the United States Center &hellip; <\/p>\n<p class=\"link-more\"><a href=\"https:\/\/dr1.com\/news\/2020\/03\/31\/sanchez-cardenas-dr-has-400-cdc-trained-epidemiologists-medics-from-cuba-not-needed\/\" class=\"more-link\">Read more\u2026<\/a><\/p>\n","protected":false},"author":2,"featured_media":0,"comment_status":"closed","ping_status":"closed","sticky":false,"template":"","format":"standard","meta":[],"categories":[271,3],"tags":[],"_links":{"self":[{"href":"https:\/\/dr1.com\/news\/wp-json\/wp\/v2\/posts\/139814"}],"collection":[{"href":"https:\/\/dr1.com\/news\/wp-json\/wp\/v2\/posts"}],"about":[{"href":"https:\/\/dr1.com\/news\/wp-json\/wp\/v2\/types\/post"}],"author":[{"embeddable":true,"href":"https:\/\/dr1.com\/news\/wp-json\/wp\/v2\/users\/2"}],"replies":[{"embeddable":true,"href":"https:\/\/dr1.com\/news\/wp-json\/wp\/v2\/comments?post=139814"}],"version-history":[{"count":2,"href":"https:\/\/dr1.com\/news\/wp-json\/wp\/v2\/posts\/139814\/revisions"}],"predecessor-version":[{"id":139838,"href":"https:\/\/dr1.com\/news\/wp-json\/wp\/v2\/posts\/139814\/revisions\/139838"}],"wp:attachment":[{"href":"https:\/\/dr1.com\/news\/wp-json\/wp\/v2\/media?parent=139814"}],"wp:term":[{"taxonomy":"category","embeddable":true,"href":"https:\/\/dr1.com\/news\/wp-json\/wp\/v2\/categories?post=139814"},{"taxonomy":"post_tag","embeddable":true,"href":"https:\/\/dr1.com\/news\/wp-json\/wp\/v2\/tags?post=139814"}],"curies":[{"name":"wp","href":"https:\/\/api.w.org\/{rel}","templated":true}]}}