{"id":140867,"date":"2020-04-23T12:11:37","date_gmt":"2020-04-23T12:11:37","guid":{"rendered":"https:\/\/dr1.com\/wordpress\/?p=140867"},"modified":"2020-04-23T12:57:37","modified_gmt":"2020-04-23T12:57:37","slug":"eight-men-test-positive-for-covid-19-at-najayo-jail","status":"publish","type":"post","link":"https:\/\/dr1.com\/news\/2020\/04\/23\/eight-men-test-positive-for-covid-19-at-najayo-jail\/","title":{"rendered":"Eight men test positive for Covid-19 at Najayo Jail"},"content":{"rendered":"\n<figure class=\"wp-block-image size-large\"><img loading=\"lazy\" width=\"600\" height=\"399\" src=\"https:\/\/dr1.com\/wordpress\/wp-content\/uploads\/2020\/04\/Najayo-hombres-Hoy-e1587594480982.jpg\" alt=\"\" class=\"wp-image-140836\"\/><\/figure>\n\n\n\n<p>The Attorney General&#8217;s Office (PGR) reports the coronavirus epidemic has infected Najayo-Men\u2019s Jail. &#8220;We report that to date, eight positive cases have been detected in the Najayo-Hombres penitentiary center,&#8221; said the PGR in a statement on 22 April 2020.<\/p>\n\n\n\n<p>In the statement, the institution assures that it has immediately applied the established protocol, which consists of isolating these inmates and proceeding to perform an electrocardiogram to check their cardiovascular condition before beginning treatment for Covid-19.<\/p>\n\n\n\n<p>With these confirmed cases in this penitentiary, there are now seven prisons that have inmates with coronavirus. The others are La Victoria in northern Santo Domingo, the Fortaleza in San Francisco de Macor\u00eds, the Juana N\u00fa\u00f1ez in Salcedo; the Centro de Correcci\u00f3n y Rehabilitaci\u00f3n (CCR) El Pinito in La Vega; the CCR Vista al Valle in San Francisco de Macor\u00eds; and the Centro de Atenci\u00f3n Integral para la Persona Adolescente en Conflicto con la Ley Penal in Santiago. As of Monday, 21 April 2020, a total of 195 prisoners had tested positive in these prisons.<\/p>\n\n\n\n<p>Read more in Spanish:<br><a href=\"https:\/\/hoy.com.do\/coronavirus-llega-a-la-carcel-de-najayo\/\">Hoy<\/a><br><a href=\"https:\/\/www.elcaribe.com.do\/2020\/04\/22\/el-coronavirus-llego-a-la-carcel-najayo-hombres-donde-hay-8-infectados\/\">El Caribe <\/a><\/p>\n\n\n\n<p>23 April 2020<\/p>\n","protected":false},"excerpt":{"rendered":"<p>The Attorney General&#8217;s Office (PGR) reports the coronavirus epidemic has infected Najayo-Men\u2019s Jail. &#8220;We report that to date, eight positive cases have been detected in the Najayo-Hombres penitentiary center,&#8221; said the PGR in a statement on 22 April 2020. In the statement, the institution assures that it has immediately applied the established protocol, which consists &hellip; <\/p>\n<p class=\"link-more\"><a href=\"https:\/\/dr1.com\/news\/2020\/04\/23\/eight-men-test-positive-for-covid-19-at-najayo-jail\/\" class=\"more-link\">Read more\u2026<\/a><\/p>\n","protected":false},"author":2,"featured_media":0,"comment_status":"closed","ping_status":"closed","sticky":false,"template":"","format":"standard","meta":[],"categories":[271,3],"tags":[],"_links":{"self":[{"href":"https:\/\/dr1.com\/news\/wp-json\/wp\/v2\/posts\/140867"}],"collection":[{"href":"https:\/\/dr1.com\/news\/wp-json\/wp\/v2\/posts"}],"about":[{"href":"https:\/\/dr1.com\/news\/wp-json\/wp\/v2\/types\/post"}],"author":[{"embeddable":true,"href":"https:\/\/dr1.com\/news\/wp-json\/wp\/v2\/users\/2"}],"replies":[{"embeddable":true,"href":"https:\/\/dr1.com\/news\/wp-json\/wp\/v2\/comments?post=140867"}],"version-history":[{"count":2,"href":"https:\/\/dr1.com\/news\/wp-json\/wp\/v2\/posts\/140867\/revisions"}],"predecessor-version":[{"id":140893,"href":"https:\/\/dr1.com\/news\/wp-json\/wp\/v2\/posts\/140867\/revisions\/140893"}],"wp:attachment":[{"href":"https:\/\/dr1.com\/news\/wp-json\/wp\/v2\/media?parent=140867"}],"wp:term":[{"taxonomy":"category","embeddable":true,"href":"https:\/\/dr1.com\/news\/wp-json\/wp\/v2\/categories?post=140867"},{"taxonomy":"post_tag","embeddable":true,"href":"https:\/\/dr1.com\/news\/wp-json\/wp\/v2\/tags?post=140867"}],"curies":[{"name":"wp","href":"https:\/\/api.w.org\/{rel}","templated":true}]}}