{"id":142125,"date":"2020-05-27T08:05:40","date_gmt":"2020-05-27T12:05:40","guid":{"rendered":"https:\/\/dr1.com\/wordpress\/?p=142125"},"modified":"2020-05-27T09:36:10","modified_gmt":"2020-05-27T13:36:10","slug":"jce-approves-health-protocol-for-5-july-2020-elections","status":"publish","type":"post","link":"https:\/\/dr1.com\/news\/2020\/05\/27\/jce-approves-health-protocol-for-5-july-2020-elections\/","title":{"rendered":"JCE approves health protocol for 5 July 2020 elections"},"content":{"rendered":"\n<div class=\"wp-block-image\"><figure class=\"alignleft size-large\"><img loading=\"lazy\" width=\"300\" height=\"70\" src=\"https:\/\/dr1.com\/wordpress\/wp-content\/uploads\/2019\/10\/Elecciones-2020-JCE.jpg\" alt=\"\" class=\"wp-image-132079\"\/><\/figure><\/div>\n\n\n\n<p>The plenary of the Central Electoral Board (JCE) presented the health protocol to be applied in polling places for the upcoming presidential and congressional elections. Presiding judge Julio Julio C\u00e9sar Casta\u00f1os Guzm\u00e1n made the announcement on Tuesday, 26 May. The details are in Resolution 53-2020. The protocol calls for disinfecting the polling stations, hand sanitizing of electoral staff and voters before entering the voting station, and use of masks. A distance of two meters will be kept between voters. Electoral workers will all wear masks and gloves during the exercise of their duties.<\/p>\n\n\n\n<p>Casta\u00f1os Guzm\u00e1n says the health protocol follows the recommendations of political parties and international organizations. He mentioned the World Health Organization (WHO), the Pan American Health Organization (PAHO), as well as the recommendations of the International Foundation for the Advising of Electoral Systems (IFES), the Inter-American Union of Electoral Bodies (UNIORE), and the National Election Commission of The Republic of Korea. <\/p>\n\n\n\n<p>Read more in Spanish:<br><a href=\"https:\/\/jce.gob.do\/Noticias\/pleno-jce-aprueba-protocolo-sanitario-a-aplicar-en-los-recintos-y-colegios-electorales-en-las-elecciones-del-5-de-julio-de-2020\">JCE <\/a><br><a href=\"https:\/\/eldia.com.do\/la-junta-aprueba-protocolo-sanitario-para-las-elecciones\/\">El Dia <\/a><\/p>\n\n\n\n<p>27 May 2020<\/p>\n","protected":false},"excerpt":{"rendered":"<p>The plenary of the Central Electoral Board (JCE) presented the health protocol to be applied in polling places for the upcoming presidential and congressional elections. Presiding judge Julio Julio C\u00e9sar Casta\u00f1os Guzm\u00e1n made the announcement on Tuesday, 26 May. The details are in Resolution 53-2020. The protocol calls for disinfecting the polling stations, hand sanitizing &hellip; <\/p>\n<p class=\"link-more\"><a href=\"https:\/\/dr1.com\/news\/2020\/05\/27\/jce-approves-health-protocol-for-5-july-2020-elections\/\" class=\"more-link\">Read more\u2026<\/a><\/p>\n","protected":false},"author":2,"featured_media":0,"comment_status":"closed","ping_status":"closed","sticky":false,"template":"","format":"standard","meta":[],"categories":[271,3],"tags":[],"_links":{"self":[{"href":"https:\/\/dr1.com\/news\/wp-json\/wp\/v2\/posts\/142125"}],"collection":[{"href":"https:\/\/dr1.com\/news\/wp-json\/wp\/v2\/posts"}],"about":[{"href":"https:\/\/dr1.com\/news\/wp-json\/wp\/v2\/types\/post"}],"author":[{"embeddable":true,"href":"https:\/\/dr1.com\/news\/wp-json\/wp\/v2\/users\/2"}],"replies":[{"embeddable":true,"href":"https:\/\/dr1.com\/news\/wp-json\/wp\/v2\/comments?post=142125"}],"version-history":[{"count":3,"href":"https:\/\/dr1.com\/news\/wp-json\/wp\/v2\/posts\/142125\/revisions"}],"predecessor-version":[{"id":142161,"href":"https:\/\/dr1.com\/news\/wp-json\/wp\/v2\/posts\/142125\/revisions\/142161"}],"wp:attachment":[{"href":"https:\/\/dr1.com\/news\/wp-json\/wp\/v2\/media?parent=142125"}],"wp:term":[{"taxonomy":"category","embeddable":true,"href":"https:\/\/dr1.com\/news\/wp-json\/wp\/v2\/categories?post=142125"},{"taxonomy":"post_tag","embeddable":true,"href":"https:\/\/dr1.com\/news\/wp-json\/wp\/v2\/tags?post=142125"}],"curies":[{"name":"wp","href":"https:\/\/api.w.org\/{rel}","templated":true}]}}