{"id":142956,"date":"2020-06-18T08:53:29","date_gmt":"2020-06-18T12:53:29","guid":{"rendered":"https:\/\/dr1.com\/wordpress\/?p=142956"},"modified":"2020-06-18T12:37:27","modified_gmt":"2020-06-18T16:37:27","slug":"jce-names-new-director-of-technology","status":"publish","type":"post","link":"https:\/\/dr1.com\/news\/2020\/06\/18\/jce-names-new-director-of-technology\/","title":{"rendered":"JCE names new director of technology"},"content":{"rendered":"\n<div class=\"wp-block-image\"><figure class=\"aligncenter size-large\"><img loading=\"lazy\" width=\"546\" height=\"350\" src=\"https:\/\/dr1.com\/wordpress\/wp-content\/uploads\/2020\/06\/Johnny-Marcelo-Rivera-Baez-El-Caribe.jpeg\" alt=\"\" class=\"wp-image-143003\" srcset=\"https:\/\/dr1.com\/news\/wp-content\/uploads\/2020\/06\/Johnny-Marcelo-Rivera-Baez-El-Caribe.jpeg 546w, https:\/\/dr1.com\/news\/wp-content\/uploads\/2020\/06\/Johnny-Marcelo-Rivera-Baez-El-Caribe-300x192.jpeg 300w\" sizes=\"(max-width: 546px) 100vw, 546px\" \/><\/figure><\/div>\n\n\n\n<p>With around three weeks to go before the 5 July 2020 presidential and congressional election, the Central Electoral Board (JCE) announced it is naming Johnny Marcelo B\u00e1ez as IT director. He replaces Miguel Angel Garc\u00eda, who had been removed in April after the automated voting glitch that forced a rescheduling of the 16 February municipal election for 15 March. The government also confirmed the deputy directors Luis Feipe Leger N\u00fa\u00f1ez and Orly Arturo Pereyra V\u00e1squez.<\/p>\n\n\n\n<p>Read more in Spanish:<\/p>\n\n\n\n<p><a href=\"https:\/\/jce.gob.do\">JCE <\/a><br><br><\/p>\n\n\n\n<p>18 June 2020<\/p>\n","protected":false},"excerpt":{"rendered":"<p>With around three weeks to go before the 5 July 2020 presidential and congressional election, the Central Electoral Board (JCE) announced it is naming Johnny Marcelo B\u00e1ez as IT director. He replaces Miguel Angel Garc\u00eda, who had been removed in April after the automated voting glitch that forced a rescheduling of the 16 February municipal &hellip; <\/p>\n<p class=\"link-more\"><a href=\"https:\/\/dr1.com\/news\/2020\/06\/18\/jce-names-new-director-of-technology\/\" class=\"more-link\">Read more\u2026<\/a><\/p>\n","protected":false},"author":2,"featured_media":0,"comment_status":"closed","ping_status":"closed","sticky":false,"template":"","format":"standard","meta":[],"categories":[271,3],"tags":[],"_links":{"self":[{"href":"https:\/\/dr1.com\/news\/wp-json\/wp\/v2\/posts\/142956"}],"collection":[{"href":"https:\/\/dr1.com\/news\/wp-json\/wp\/v2\/posts"}],"about":[{"href":"https:\/\/dr1.com\/news\/wp-json\/wp\/v2\/types\/post"}],"author":[{"embeddable":true,"href":"https:\/\/dr1.com\/news\/wp-json\/wp\/v2\/users\/2"}],"replies":[{"embeddable":true,"href":"https:\/\/dr1.com\/news\/wp-json\/wp\/v2\/comments?post=142956"}],"version-history":[{"count":2,"href":"https:\/\/dr1.com\/news\/wp-json\/wp\/v2\/posts\/142956\/revisions"}],"predecessor-version":[{"id":143004,"href":"https:\/\/dr1.com\/news\/wp-json\/wp\/v2\/posts\/142956\/revisions\/143004"}],"wp:attachment":[{"href":"https:\/\/dr1.com\/news\/wp-json\/wp\/v2\/media?parent=142956"}],"wp:term":[{"taxonomy":"category","embeddable":true,"href":"https:\/\/dr1.com\/news\/wp-json\/wp\/v2\/categories?post=142956"},{"taxonomy":"post_tag","embeddable":true,"href":"https:\/\/dr1.com\/news\/wp-json\/wp\/v2\/tags?post=142956"}],"curies":[{"name":"wp","href":"https:\/\/api.w.org\/{rel}","templated":true}]}}