{"id":145251,"date":"2020-08-12T08:06:52","date_gmt":"2020-08-12T12:06:52","guid":{"rendered":"https:\/\/dr1.com\/wordpress\/?p=145251"},"modified":"2020-08-12T13:39:51","modified_gmt":"2020-08-12T17:39:51","slug":"president-medina-cops-out-of-inaugural","status":"publish","type":"post","link":"https:\/\/dr1.com\/news\/2020\/08\/12\/president-medina-cops-out-of-inaugural\/","title":{"rendered":"President Medina cops out of inaugural"},"content":{"rendered":"\n<figure class=\"wp-block-image size-large\"><img loading=\"lazy\" width=\"600\" height=\"401\" src=\"https:\/\/dr1.com\/wordpress\/wp-content\/uploads\/2020\/03\/Discurso-Danilo-Medina-Covid-Listin-Diario-e1584548298615.jpeg\" alt=\"\" class=\"wp-image-137907\"\/><\/figure>\n\n\n\n<p>Administrative Minister of the Presidency Jos\u00e9 Ram\u00f3n Peralta confirmed that President Danilo Medina will not personally hand over the presidential sash to President-elect Luis Abinader. Instead, Medina will attend a private act at the National Assembly room where he will hand over the presidential sash to Santiago senator Eduardo Estrella. And then he will leave the National Assembly before the change of command ceremony.<\/p>\n\n\n\n<p>Earlier in the morning, the elected senators will vote for Estrella to preside over the Senate. Estrella ran for the Dominicans for Change (DxC) minority party, but backed the Modern Revolutionary Party (PRM) and its presidential candidate Luis Abinader. As planned, Estrella will then return to the main hall of the National Assembly to place the sash on President-elect Luis Abinader on the morning of 16 August 2020. For the first time in 42 years, the outgoing President will not be present to in person hear the inaugural speech by the new President after his being sworn in.<\/p>\n\n\n\n<p>The Medina Presidency explains President Danilo Medina&#8217;s absence alleging the risk of Covid-19 obliges the inaugural organizers to restrict the number of attendants. Nevertheless, the Covid-19 infection risk has not impeded Medina from attending crowded inaugurations of public works in recent days. On Tuesday, President Medina was in Valverde and Montecristi in the northwest, two provinces with a major spike in coronavirus cases. On Tuesday alone, President Medina was in five locations nationwide for the crowded inaugurations. <\/p>\n\n\n\n<p>This is the first time in almost half a century of Dominican political history, that an outgoing President will prematurely leave the inaugural ceremony. There have been government changes in 1978, when the late Joaqu\u00edn Balaguer passed government to the late Antonio Guzm\u00e1n. Balaguer was present for the speech.<\/p>\n\n\n\n<p>Later in 1982, the late Jacobo Majluta delivered the Presidency to the late Salvador Jorge Blanco. In 1986, Jorge Blanco turned the government back to Joaqu\u00edn Balaguer. In 1996, Balaguer was present for the change of government to Leonel Fern\u00e1ndez, and Fern\u00e1ndez also sat for the inaugural speech of Hip\u00f3lito Mej\u00eda in 2000. In 2004, Mej\u00eda delivered power to Fern\u00e1ndez, and in 2012, Fern\u00e1ndez turned over to Danilo Medina.<\/p>\n\n\n\n<p>Administrative Minister of the Presidency Jos\u00e9 Ram\u00f3n Peralta explained the private act was approved by both the PLD and the PRM transition commissions to comply with the health protocols.<\/p>\n\n\n\n<p>Senator-elect Faride Raful of the Modern Revolutionary Party (PRM) said the decision was just notified to Congress by the Presidency. Speaking on Esta Noche con Mariasela TV show on 11 August, Raful called the change in the normal protocol for the change of government a lack of respect to the legislators. <\/p>\n\n\n\n<p>Elsewise, the media is full of speculations on why Medina would not participate in the Abinader inaugural ceremony.<\/p>\n\n\n\n<p>Read more in Spanish:<br><a href=\"https:\/\/listindiario.com\/la-republica\/2020\/08\/11\/630268\/ausencia-de-danilo-en-42-anos-es-la-primera-vez-que-un-presidente-no-participara-en-el-discurso-de-nuevo-gobierno\">Listin Diario<\/a><br><a href=\"https:\/\/listindiario.com\/la-republica\/2020\/08\/11\/630268\/ausencia-de-danilo-en-42-anos-es-la-primera-vez-que-un-presidente-no-participara-en-el-discurso-de-nuevo-gobierno\">Listin Diario<\/a><br><a href=\"https:\/\/www.elcaribe.com.do\/2020\/08\/11\/peralta-asegura-traspaso-de-mando-en-privado-fue-consensuado\/\">El Caribe<\/a><br><a href=\"https:\/\/www.diariolibre.com\/actualidad\/politica\/danilo-medina-no-estara-en-juramentacion-de-luis-abinader-MF20702871\">Diario Libre <\/a><br><a href=\"https:\/\/www.elcaribe.com.do\/2020\/08\/11\/presidente-medina-no-estara-en-discurso-de-toma-de-posesion-de-abinader\/\">El Caribe<\/a><\/p>\n\n\n\n<p><a href=\"https:\/\/listindiario.com\/la-republica\/2020\/08\/11\/630265\/danilo-dice-al-senado-que-no-estara-en-discurso-de-abinader-por-covid-19\">Listin Diario<\/a><\/p>\n\n\n\n<p><a href=\"http:\/\/A cinco d\u00edas de concluir, Gobierno entrega obras en cinco provincias\">Hoy<\/a><\/p>\n\n\n\n<p>11 August 2020<\/p>\n","protected":false},"excerpt":{"rendered":"<p>Administrative Minister of the Presidency Jos\u00e9 Ram\u00f3n Peralta confirmed that President Danilo Medina will not personally hand over the presidential sash to President-elect Luis Abinader. Instead, Medina will attend a private act at the National Assembly room where he will hand over the presidential sash to Santiago senator Eduardo Estrella. And then he will leave &hellip; <\/p>\n<p class=\"link-more\"><a href=\"https:\/\/dr1.com\/news\/2020\/08\/12\/president-medina-cops-out-of-inaugural\/\" class=\"more-link\">Read more\u2026<\/a><\/p>\n","protected":false},"author":2,"featured_media":0,"comment_status":"closed","ping_status":"closed","sticky":false,"template":"","format":"standard","meta":[],"categories":[271,3],"tags":[],"_links":{"self":[{"href":"https:\/\/dr1.com\/news\/wp-json\/wp\/v2\/posts\/145251"}],"collection":[{"href":"https:\/\/dr1.com\/news\/wp-json\/wp\/v2\/posts"}],"about":[{"href":"https:\/\/dr1.com\/news\/wp-json\/wp\/v2\/types\/post"}],"author":[{"embeddable":true,"href":"https:\/\/dr1.com\/news\/wp-json\/wp\/v2\/users\/2"}],"replies":[{"embeddable":true,"href":"https:\/\/dr1.com\/news\/wp-json\/wp\/v2\/comments?post=145251"}],"version-history":[{"count":14,"href":"https:\/\/dr1.com\/news\/wp-json\/wp\/v2\/posts\/145251\/revisions"}],"predecessor-version":[{"id":145321,"href":"https:\/\/dr1.com\/news\/wp-json\/wp\/v2\/posts\/145251\/revisions\/145321"}],"wp:attachment":[{"href":"https:\/\/dr1.com\/news\/wp-json\/wp\/v2\/media?parent=145251"}],"wp:term":[{"taxonomy":"category","embeddable":true,"href":"https:\/\/dr1.com\/news\/wp-json\/wp\/v2\/categories?post=145251"},{"taxonomy":"post_tag","embeddable":true,"href":"https:\/\/dr1.com\/news\/wp-json\/wp\/v2\/tags?post=145251"}],"curies":[{"name":"wp","href":"https:\/\/api.w.org\/{rel}","templated":true}]}}