{"id":145879,"date":"2020-08-21T07:45:00","date_gmt":"2020-08-21T11:45:00","guid":{"rendered":"https:\/\/dr1.com\/wordpress\/?p=145879"},"modified":"2020-08-21T11:14:29","modified_gmt":"2020-08-21T15:14:29","slug":"who-are-the-new-chiefs-in-the-military","status":"publish","type":"post","link":"https:\/\/dr1.com\/news\/2020\/08\/21\/who-are-the-new-chiefs-in-the-military\/","title":{"rendered":"Who are the new chiefs in the military"},"content":{"rendered":"\n<div class=\"wp-block-image\"><figure class=\"alignleft size-large\"><img loading=\"lazy\" width=\"225\" height=\"225\" src=\"https:\/\/dr1.com\/wordpress\/wp-content\/uploads\/2020\/08\/Ministerio-de-Defensa-Facebook.jpg\" alt=\"\" class=\"wp-image-145922\" srcset=\"https:\/\/dr1.com\/news\/wp-content\/uploads\/2020\/08\/Ministerio-de-Defensa-Facebook.jpg 225w, https:\/\/dr1.com\/news\/wp-content\/uploads\/2020\/08\/Ministerio-de-Defensa-Facebook-150x150.jpg 150w\" sizes=\"(max-width: 225px) 100vw, 225px\" \/><\/figure><\/div>\n\n\n\n<p>Acento news portal publishes the background on the new Army, Armada (Navy) and Air Force commanders. These are the generals Julio Ferian P\u00e9rez in the Army, Ram\u00f3n Gustavo Betances Hern\u00e1ndez in the Armada and Leonel Mu\u00f1oz Novoa for the Air Force.<\/p>\n\n\n\n<p>Read their background in Spanish at:<br><a href=\"https:\/\/acento.com.do\/actualidad\/comandantes-ejercito-fuerza-aerea-y-armada-elegidos-de-mas-de-100-oficiales-academicos-8851600.html\">Acento <\/a><\/p>\n\n\n\n<p>19 August 2020<\/p>\n","protected":false},"excerpt":{"rendered":"<p>Acento news portal publishes the background on the new Army, Armada (Navy) and Air Force commanders. These are the generals Julio Ferian P\u00e9rez in the Army, Ram\u00f3n Gustavo Betances Hern\u00e1ndez in the Armada and Leonel Mu\u00f1oz Novoa for the Air Force. Read their background in Spanish at:Acento 19 August 2020<\/p>\n","protected":false},"author":2,"featured_media":0,"comment_status":"closed","ping_status":"closed","sticky":false,"template":"","format":"standard","meta":[],"categories":[271,3],"tags":[],"_links":{"self":[{"href":"https:\/\/dr1.com\/news\/wp-json\/wp\/v2\/posts\/145879"}],"collection":[{"href":"https:\/\/dr1.com\/news\/wp-json\/wp\/v2\/posts"}],"about":[{"href":"https:\/\/dr1.com\/news\/wp-json\/wp\/v2\/types\/post"}],"author":[{"embeddable":true,"href":"https:\/\/dr1.com\/news\/wp-json\/wp\/v2\/users\/2"}],"replies":[{"embeddable":true,"href":"https:\/\/dr1.com\/news\/wp-json\/wp\/v2\/comments?post=145879"}],"version-history":[{"count":2,"href":"https:\/\/dr1.com\/news\/wp-json\/wp\/v2\/posts\/145879\/revisions"}],"predecessor-version":[{"id":145923,"href":"https:\/\/dr1.com\/news\/wp-json\/wp\/v2\/posts\/145879\/revisions\/145923"}],"wp:attachment":[{"href":"https:\/\/dr1.com\/news\/wp-json\/wp\/v2\/media?parent=145879"}],"wp:term":[{"taxonomy":"category","embeddable":true,"href":"https:\/\/dr1.com\/news\/wp-json\/wp\/v2\/categories?post=145879"},{"taxonomy":"post_tag","embeddable":true,"href":"https:\/\/dr1.com\/news\/wp-json\/wp\/v2\/tags?post=145879"}],"curies":[{"name":"wp","href":"https:\/\/api.w.org\/{rel}","templated":true}]}}