{"id":146788,"date":"2020-09-10T08:11:59","date_gmt":"2020-09-10T12:11:59","guid":{"rendered":"https:\/\/dr1.com\/wordpress\/?p=146788"},"modified":"2020-09-10T09:19:05","modified_gmt":"2020-09-10T13:19:05","slug":"odebrecht-audit-controversy-in-chamber-of-accounts","status":"publish","type":"post","link":"https:\/\/dr1.com\/news\/2020\/09\/10\/odebrecht-audit-controversy-in-chamber-of-accounts\/","title":{"rendered":"Odebrecht audit controversy in Chamber of Accounts"},"content":{"rendered":"\n<figure class=\"wp-block-image size-large\"><img loading=\"lazy\" width=\"600\" height=\"450\" src=\"https:\/\/dr1.com\/wordpress\/wp-content\/uploads\/2020\/09\/Obras-Publicas-ODEBRECHT-Listin-Diario-e1599743935488.jpeg\" alt=\"\" class=\"wp-image-146800\"\/><\/figure>\n\n\n\n<p>The Brazilian construction firm Odebrecht audit is making headlines. The media has been covering the dissident vote in the Chamber of Accounts regarding the conclusions on the audits&#8217; findings to 11 public works. <\/p>\n\n\n\n<p>One of five members of the Chamber of Accounts, Margarita Melenciano Corporan recommended annulling the audits on grounds that these did not acknowledge technical and legal dispositions violated by the Ministry of Public Works for 11 Odebrecht projects carried out from 2002 to 2014. The projects span the governments of former Presidents Hip\u00f3lito Mej\u00eda, Leonel Fern\u00e1ndez and Danilo Medina. <\/p>\n\n\n\n<p>The Chamber of Accounts president had announced the audits were completed and would be made public at the end of this September 2020. Melenciano Corporan also issued her dissenting opinion because she says several amendments to the works violated Procurement Law 340-06, exceeding by more than 25% the amounts initially contracted.<\/p>\n\n\n\n<p>&#8220;Consequently, the report should not be approved, because, contrary to what was presented by the auditors of the Chamber of Accounts, in the contracting of the works under investigation, violations of the legal order are observed that compromise the responsibility of the administrative authorities responsible for the internal control of the Ministry of Public Works,\u201d states the dissident opinion.<\/p>\n\n\n\n<p>This vote, nevertheless, was rejected by Hugo Francisco \u00c1lvarez P\u00e9rez, president of the Chamber of Accounts; Pedro Ortiz Hern\u00e1ndez, vice president; Carlos No\u00e9 Tejada D\u00edaz, secretary of the plenary session and F\u00e9lix \u00c1lvarez Rivera, member. These four did not accept the petition to dismiss the audits of the 11 works carried out by Odebrecht from 7 March 2002 to 14 April 2014.<\/p>\n\n\n\n<p>Among the works covered by the auditors are the Casabito Road, Duarte Corridor I, Coral Highway, La Romana Ring Road, El Rio-Jarabacoa Road, Cibao-Sur Road, B\u00e1varo-Miches Road, Duarte Corridor II, Ecov\u00eda de Santiago, Boulevard Tur\u00edstico del Este and San Pedro de Macor\u00eds Ring Road.<\/p>\n\n\n\n<p>Read more in Spanish:<br><a href=\"https:\/\/listindiario.com\/la-republica\/2020\/09\/10\/634563\/desacuerdo-en-la-camara-de-cuentas-por-odebrecht\">Listin Diario<\/a><\/p>\n\n\n\n<p>10 September 2020<\/p>\n","protected":false},"excerpt":{"rendered":"<p>The Brazilian construction firm Odebrecht audit is making headlines. The media has been covering the dissident vote in the Chamber of Accounts regarding the conclusions on the audits&#8217; findings to 11 public works. One of five members of the Chamber of Accounts, Margarita Melenciano Corporan recommended annulling the audits on grounds that these did not &hellip; <\/p>\n<p class=\"link-more\"><a href=\"https:\/\/dr1.com\/news\/2020\/09\/10\/odebrecht-audit-controversy-in-chamber-of-accounts\/\" class=\"more-link\">Read more\u2026<\/a><\/p>\n","protected":false},"author":2,"featured_media":0,"comment_status":"closed","ping_status":"closed","sticky":false,"template":"","format":"standard","meta":[],"categories":[271,3],"tags":[],"_links":{"self":[{"href":"https:\/\/dr1.com\/news\/wp-json\/wp\/v2\/posts\/146788"}],"collection":[{"href":"https:\/\/dr1.com\/news\/wp-json\/wp\/v2\/posts"}],"about":[{"href":"https:\/\/dr1.com\/news\/wp-json\/wp\/v2\/types\/post"}],"author":[{"embeddable":true,"href":"https:\/\/dr1.com\/news\/wp-json\/wp\/v2\/users\/2"}],"replies":[{"embeddable":true,"href":"https:\/\/dr1.com\/news\/wp-json\/wp\/v2\/comments?post=146788"}],"version-history":[{"count":3,"href":"https:\/\/dr1.com\/news\/wp-json\/wp\/v2\/posts\/146788\/revisions"}],"predecessor-version":[{"id":146801,"href":"https:\/\/dr1.com\/news\/wp-json\/wp\/v2\/posts\/146788\/revisions\/146801"}],"wp:attachment":[{"href":"https:\/\/dr1.com\/news\/wp-json\/wp\/v2\/media?parent=146788"}],"wp:term":[{"taxonomy":"category","embeddable":true,"href":"https:\/\/dr1.com\/news\/wp-json\/wp\/v2\/categories?post=146788"},{"taxonomy":"post_tag","embeddable":true,"href":"https:\/\/dr1.com\/news\/wp-json\/wp\/v2\/tags?post=146788"}],"curies":[{"name":"wp","href":"https:\/\/api.w.org\/{rel}","templated":true}]}}