{"id":150562,"date":"2020-12-01T06:10:35","date_gmt":"2020-12-01T10:10:35","guid":{"rendered":"https:\/\/dr1.com\/wordpress\/?p=150562"},"modified":"2020-12-01T10:48:52","modified_gmt":"2020-12-01T14:48:52","slug":"former-president-hipolito-mejia-tests-positive-for-covid-19","status":"publish","type":"post","link":"https:\/\/dr1.com\/news\/2020\/12\/01\/former-president-hipolito-mejia-tests-positive-for-covid-19\/","title":{"rendered":"Former President Hipolito Mejia tests positive for Covid-19"},"content":{"rendered":"\n<figure class=\"wp-block-image size-large\"><img loading=\"lazy\" width=\"600\" height=\"399\" src=\"https:\/\/dr1.com\/wordpress\/wp-content\/uploads\/2020\/12\/Hipolito-Mejia-y-dona-Rosa-Listin-Diario-e1606834117693.png\" alt=\"\" class=\"wp-image-150597\"\/><\/figure>\n\n\n\n<p>Former President Hip\u00f3lito Mej\u00eda announced that he and his wife, former First Lady Do\u00f1a Rosa have tested positive to the coronavirus.<\/p>\n\n\n\n<p>The 79-year old former President said that he and his wife were in good health and are following the recommendations of their doctors for a prompt recovery.<\/p>\n\n\n\n<p>Read more in Spanish:<br><a href=\"https:\/\/acento.com.do\/actualidad\/hipolito-mejia-y-su-esposa-contagiados-con-covid-19-8888663.html\">Acento <\/a><\/p>\n\n\n\n<p>1 December 2020<\/p>\n","protected":false},"excerpt":{"rendered":"<p>Former President Hip\u00f3lito Mej\u00eda announced that he and his wife, former First Lady Do\u00f1a Rosa have tested positive to the coronavirus. The 79-year old former President said that he and his wife were in good health and are following the recommendations of their doctors for a prompt recovery. Read more in Spanish:Acento 1 December 2020<\/p>\n","protected":false},"author":2,"featured_media":0,"comment_status":"closed","ping_status":"closed","sticky":false,"template":"","format":"standard","meta":[],"categories":[271,3],"tags":[],"_links":{"self":[{"href":"https:\/\/dr1.com\/news\/wp-json\/wp\/v2\/posts\/150562"}],"collection":[{"href":"https:\/\/dr1.com\/news\/wp-json\/wp\/v2\/posts"}],"about":[{"href":"https:\/\/dr1.com\/news\/wp-json\/wp\/v2\/types\/post"}],"author":[{"embeddable":true,"href":"https:\/\/dr1.com\/news\/wp-json\/wp\/v2\/users\/2"}],"replies":[{"embeddable":true,"href":"https:\/\/dr1.com\/news\/wp-json\/wp\/v2\/comments?post=150562"}],"version-history":[{"count":3,"href":"https:\/\/dr1.com\/news\/wp-json\/wp\/v2\/posts\/150562\/revisions"}],"predecessor-version":[{"id":150598,"href":"https:\/\/dr1.com\/news\/wp-json\/wp\/v2\/posts\/150562\/revisions\/150598"}],"wp:attachment":[{"href":"https:\/\/dr1.com\/news\/wp-json\/wp\/v2\/media?parent=150562"}],"wp:term":[{"taxonomy":"category","embeddable":true,"href":"https:\/\/dr1.com\/news\/wp-json\/wp\/v2\/categories?post=150562"},{"taxonomy":"post_tag","embeddable":true,"href":"https:\/\/dr1.com\/news\/wp-json\/wp\/v2\/tags?post=150562"}],"curies":[{"name":"wp","href":"https:\/\/api.w.org\/{rel}","templated":true}]}}